{"id":17502,"date":"2020-09-12T10:35:13","date_gmt":"2020-09-12T15:35:13","guid":{"rendered":"http:\/\/www.zonaroja.com.mx\/?p=17502"},"modified":"2020-09-12T10:35:17","modified_gmt":"2020-09-12T15:35:17","slug":"vinculan-a-proceso-a-profesor-acusado-de-hostigamiento-sexual-en-unistmo","status":"publish","type":"post","link":"https:\/\/zonaroja.com.mx\/?p=17502","title":{"rendered":"Vinculan a proceso a profesor acusado de hostigamiento sexual en Unistmo"},"content":{"rendered":"\n<p>Evlin Arag\u00f3n\/Zona Roja.<\/p>\n\n\n\n<p>Oaxaca de Ju\u00e1rez, Oax., 12 de septiembre de 2020.- Tras seis meses de hacerse p\u00fablica la denuncia de violencia sexual al interior de la Universidad del Istmo (Unistmo) Campus Ciudad Ixtepec, la Fiscal\u00eda General del Estado anunci\u00f3 la vinculaci\u00f3n a proceso de un profesor de la instituci\u00f3n, quien fue denunciado penalmente por una de las estudiantes.<\/p>\n\n\n\n<p>Se trata de S. F. A.C., quien de acuerdo a la Carpeta de Investigaci\u00f3n 10026\/FIST\/IXTEPEC\/2020, durante diferentes fechas de mayo del 2019 hostig\u00f3 sexualmente a una joven adscrita como estudiante del plantel, quien con el acompa\u00f1amiento de tres docentes denunci\u00f3 p\u00fablicamente la violencia de la que fue v\u00edctima.&nbsp;<\/p>\n\n\n\n<p>Lo anterior no resulto nada f\u00e1cil, ya que la joven tuvo que enfrentarse a la burocracia institucional que incluso el d\u00eda de la comparecencia en el Juzgado de Control, la hicieron dar vueltas de una oficina a otra, no as\u00ed al indiciado.<\/p>\n\n\n\n<p>Adem\u00e1s, que la violencia no ha sido reconocida por las propias autoridades educativas, quienes hasta hace unos d\u00edas hab\u00edan asignado ya labores acad\u00e9micas al hoy imputado, as\u00ed como a otros dos docentes se\u00f1alados como agresores sexuales por parte de otras j\u00f3venes.&nbsp;<\/p>\n\n\n\n<p>As\u00ed lo refiri\u00f3 Virginia Ilescas, docente de la Universidad, quien desde hace meses acompa\u00f1a a las estudiantes de la carrera de Derechos de la Energ\u00eda en su denuncia y se ha enfrentado junto con Monserrat S\u00e1nchez Moreno y H\u00e9ctor Ortega Mart\u00ednez, a la campa\u00f1a de desprestigio que han montado en su contra las autoridades educativas.&nbsp;<\/p>\n\n\n\n<p>Lo anterior, luego de alzar la voz y exigir atenci\u00f3n a las denuncias de las j\u00f3venes que han sido ignoradas, minimizadas y denostadas por el personal administrativo encabezado por el Vicerrector Acad\u00e9mico, Israel Flores Sandoval, Cora Silvia Bonilla Carre\u00f3n, Jos\u00e9 Luis Ayala, entre otros, a quienes acus\u00f3 de estar coludidos con los agresores.&nbsp;<\/p>\n\n\n\n<p>De acuerdo con la docente, durante los \u00faltimos meses y a pesar de la denuncia p\u00fablica realizada el 8 de marzo, en el marco del D\u00eda Internacional de la Mujer, por un grupo de j\u00f3venes estudiantes en contra de Jos\u00e9 Guadalupe Villegas Castillejos, Gabriel Soto Ju\u00e1rez y Silvio F\u00e9lix Antonio Espinoza, a quienes se\u00f1alaron de agresores sexuales, las autoridades acad\u00e9micas no han hecho m\u00e1s que defenderlos e irse en contra de las v\u00edctimas y sus acompa\u00f1antes.&nbsp;<\/p>\n\n\n\n<p>A tal grado llega la defensa de los agresores, que no fueron separados de sus cargos, se mantienen activos en la instituci\u00f3n e incluso se les han asignados actividades con j\u00f3venes previas al inicio del semestre, que pese a la pandemia han citado a grupos de estudiante&nbsp;<\/p>\n\n\n\n<p>\u201cEstas tres personas est\u00e1n dando clase en estos momentos a los chicos del proped\u00e9utico, por videoconferencias, ellos est\u00e1n entrando a la universidad, no han dejado de entrar, citan a los muchachos &#8211;en plena pandemia&#8211; para darles una asesor\u00eda, ellos han encontrado la manera de seguir acerc\u00e1ndose a los chicos con la venia del rector, vicerrector y la jefa de carrera\u201d, indic\u00f3.&nbsp;<\/p>\n\n\n\n<p>El hostigamiento en contra de las docentes y docente que defendieron a las j\u00f3venes y alentaron a realizar la denuncia penal, ha sido tal que no les sorprender\u00eda su pr\u00f3ximo despido, pese a contar con antiguan en la instituci\u00f3n y un historial acad\u00e9mico impecable.&nbsp;<\/p>\n\n\n\n<p>A\u00d1EJO HOSTIGAMIENTO<\/p>\n\n\n\n<p>\u201cLos tres se\u00f1alados como agresores nos han acusado de da\u00f1ar la imagen de la universidad por lo que han solicitado al vicerrector que nos investiguen y sancionen con el despido correspondiente, en caso de haber incurrido en alguna falta administrativa\u201d, refiri\u00f3 como parte del hostigamiento al visitador de la DDHPO, Mervin Ch\u00e1vez, quien ha actuado a favor de los tres docentes se\u00f1alados por las estudiantes.&nbsp;<\/p>\n\n\n\n<p>La violencia sexual al interior de la universidad p\u00fablica a cargo del Estado se ha presentado desde el 2014 en contra de una enfermera y no ha mermado, por el contrario, una de las j\u00f3venes fue intimidada por un grupo de estudiantes varones, por \u00f3rdenes de la jefa de carrera, logrando que desistiera de la denuncia penal. As\u00ed mismo han utilizado la estrategia de denostar a las j\u00f3venes, asegurando que son ellas las que buscan este tipo de acercamiento con los docentes, raz\u00f3n por lo que no quitaran el dedo del rengl\u00f3n para que lo agresores sean sancionados.&nbsp;<\/p>\n\n\n\n<p>\u201cNosotras (las docentes) no vamos a dar un paso atr\u00e1s en la defensa de las j\u00f3venes que valientemente alzaron la voz. No lo vamos a soltar cu\u00e9stenos lo que nos cueste porque normalizar la violencia a trav\u00e9s de una instituci\u00f3n de educaci\u00f3n p\u00fablica es fomentar los feminicidios\u201d, concluy\u00f3 Virginia Ilescas<\/p>\n\n\n\n<p>Pese a la vinculaci\u00f3n a proceso de uno de los se\u00f1alados como agresores, celebrada como un logro por las autoridades estatales, a\u00fan se encuentran pendientes otras tres denuncias interpuestas ante la Fiscal\u00eda, de las cuales tambi\u00e9n tiene conocimiento la Defensor\u00eda de los Derechos Humanos del Pueblo de Oaxaca y esperan sean atendidas y resueltas a favor de las v\u00edctimas.<\/p>\n","protected":false},"excerpt":{"rendered":"<p>Evlin Arag\u00f3n\/Zona Roja. Oaxaca de Ju\u00e1rez, Oax., 12 de septiembre de 2020.- Tras seis meses&hellip;<\/p>\n","protected":false},"author":2,"featured_media":9869,"comment_status":"closed","ping_status":"open","sticky":false,"template":"","format":"standard","meta":{"_lmt_disableupdate":"","_lmt_disable":"","_jetpack_memberships_contains_paid_content":false,"footnotes":""},"categories":[109,47],"tags":[2007],"class_list":["post-17502","post","type-post","status-publish","format-standard","has-post-thumbnail","hentry","category-minuto-a-minuto","category-zona-gris","tag-universidad-del"],"jetpack_featured_media_url":"https:\/\/zonaroja.com.mx\/wp-content\/uploads\/2020\/03\/Unistmo-Ixtepec.jpg","jetpack_sharing_enabled":true,"_links":{"self":[{"href":"https:\/\/zonaroja.com.mx\/index.php?rest_route=\/wp\/v2\/posts\/17502","targetHints":{"allow":["GET"]}}],"collection":[{"href":"https:\/\/zonaroja.com.mx\/index.php?rest_route=\/wp\/v2\/posts"}],"about":[{"href":"https:\/\/zonaroja.com.mx\/index.php?rest_route=\/wp\/v2\/types\/post"}],"author":[{"embeddable":true,"href":"https:\/\/zonaroja.com.mx\/index.php?rest_route=\/wp\/v2\/users\/2"}],"replies":[{"embeddable":true,"href":"https:\/\/zonaroja.com.mx\/index.php?rest_route=%2Fwp%2Fv2%2Fcomments&post=17502"}],"version-history":[{"count":1,"href":"https:\/\/zonaroja.com.mx\/index.php?rest_route=\/wp\/v2\/posts\/17502\/revisions"}],"predecessor-version":[{"id":17503,"href":"https:\/\/zonaroja.com.mx\/index.php?rest_route=\/wp\/v2\/posts\/17502\/revisions\/17503"}],"wp:featuredmedia":[{"embeddable":true,"href":"https:\/\/zonaroja.com.mx\/index.php?rest_route=\/wp\/v2\/media\/9869"}],"wp:attachment":[{"href":"https:\/\/zonaroja.com.mx\/index.php?rest_route=%2Fwp%2Fv2%2Fmedia&parent=17502"}],"wp:term":[{"taxonomy":"category","embeddable":true,"href":"https:\/\/zonaroja.com.mx\/index.php?rest_route=%2Fwp%2Fv2%2Fcategories&post=17502"},{"taxonomy":"post_tag","embeddable":true,"href":"https:\/\/zonaroja.com.mx\/index.php?rest_route=%2Fwp%2Fv2%2Ftags&post=17502"}],"curies":[{"name":"wp","href":"https:\/\/api.w.org\/{rel}","templated":true}]}}