{"id":17504,"date":"2020-09-12T11:26:02","date_gmt":"2020-09-12T16:26:02","guid":{"rendered":"http:\/\/www.zonaroja.com.mx\/?p=17504"},"modified":"2020-09-12T11:26:05","modified_gmt":"2020-09-12T16:26:05","slug":"acuerdan-convenio-poder-judicial-de-oaxaca-y-la-cortv","status":"publish","type":"post","link":"https:\/\/zonaroja.com.mx\/?p=17504","title":{"rendered":"Acuerdan convenio Poder Judicial de Oaxaca y la Cortv"},"content":{"rendered":"\n<p>Redacci\u00f3n\/Zona Roja.<\/p>\n\n\n\n<p>Oaxaca de Ju\u00e1rez, Oax., 12 de septiembre de 2020.- El titular del Poder Judicial de Oaxaca, magistrado Eduardo Pinacho S\u00e1nchez, y el director general&nbsp; de la Corporaci\u00f3n Oaxaque\u00f1a de Radio y Televisi\u00f3n (Cortv), Mart\u00edn V\u00e1squez Villanueva, suscribieron un convenio de colaboraci\u00f3n con el objetivo de realizar proyectos de difusi\u00f3n de la cultura jur\u00eddica y establecer un v\u00ednculo m\u00e1s cercano con la sociedad.<\/p>\n\n\n\n<p>Con ello inicia una nueva etapa de trabajo conjunto con la televisora local para consolidar estrategias de comunicaci\u00f3n efectivas, mediante programas y acciones de cooperaci\u00f3n institucional que contribuyan a la cultura de la legalidad como base del desarrollo social del estado, aunado a que se favorece la transparencia de las acciones del Tribunal Superior de Justicia y del Consejo de la Judicatura.<\/p>\n\n\n\n<p>En el evento, efectuado en las instalaciones de la Cortv &#8211;con apego a las medidas de prevenci\u00f3n por la contingencia sanitaria&#8211;, se destac\u00f3 la importancia de&nbsp; socializar el quehacer judicial y consolidar la confianza social en la instituci\u00f3n responsable de impartir justicia, labor en la cual los medios comunicaci\u00f3n tienen un papel fundamental.<\/p>\n\n\n\n<p>En su intervenci\u00f3n, el titular del Poder Judicial del Estado mencion\u00f3 que la funci\u00f3n judicial genera paz y estabilidad, lo que contribuye en el desarrollo de los pueblos y de las sociedades; de ah\u00ed la importancia de abrir canales de dialogo con la ciudadan\u00eda donde sea escuchada y se conozca a la instituci\u00f3n.&nbsp;<\/p>\n\n\n\n<p>Resalt\u00f3 que una de las l\u00edneas de su administraci\u00f3n es la transparencia.&nbsp; \u201cA trav\u00e9s de los medios de comunicaci\u00f3n queremos abrir las puertas de la justicia, que se visibilice como se ejerce en todas las personas, someternos a su juicio y en funci\u00f3n de ello repensar el sistema de justicia local\u201d, detall\u00f3.<\/p>\n\n\n\n<p>Por su parte, el director general de la Cortv, Mart\u00edn V\u00e1squez, afirm\u00f3 que estas acciones contribuyen a la formaci\u00f3n de una sociedad informada, por lo cual reiter\u00f3 el compromiso de la televisora p\u00fablica al servicio del pueblo de Oaxaca, de ser aliada del Poder Judicial.<\/p>\n\n\n\n<p>Derivado de estas acciones de colaboraci\u00f3n, recientemente inici\u00f3 el programa televisivo \u201cSon mis derechos\u201d, con un formato en vivo y transmisiones de manera quincenal los d\u00edas jueves de 18:00 a 19:00 horas por el canal 9.1 de televisi\u00f3n abierta, con repeticiones s\u00e1bado y domingo a las 18:00 horas; adem\u00e1s se puede seguir por las redes sociales de la Cortv y el Tribunal Superior de Justicia en Facebook @TSJOAX y twitter @tsjoaxaca.<\/p>\n","protected":false},"excerpt":{"rendered":"<p>Redacci\u00f3n\/Zona Roja. Oaxaca de Ju\u00e1rez, Oax., 12 de septiembre de 2020.- El titular del Poder&hellip;<\/p>\n","protected":false},"author":2,"featured_media":17505,"comment_status":"closed","ping_status":"open","sticky":false,"template":"","format":"standard","meta":{"_lmt_disableupdate":"","_lmt_disable":"","_jetpack_memberships_contains_paid_content":false,"footnotes":""},"categories":[109,46],"tags":[1582,223],"class_list":["post-17504","post","type-post","status-publish","format-standard","has-post-thumbnail","hentry","category-minuto-a-minuto","category-zona-blanca","tag-martin-vasquez-villanueva","tag-poder-judicial-de-oaxaca"],"jetpack_featured_media_url":"https:\/\/zonaroja.com.mx\/wp-content\/uploads\/2020\/09\/Cortv-Martin-Vasquez-y-Poder-Judicial.jpg","jetpack_sharing_enabled":true,"_links":{"self":[{"href":"https:\/\/zonaroja.com.mx\/index.php?rest_route=\/wp\/v2\/posts\/17504","targetHints":{"allow":["GET"]}}],"collection":[{"href":"https:\/\/zonaroja.com.mx\/index.php?rest_route=\/wp\/v2\/posts"}],"about":[{"href":"https:\/\/zonaroja.com.mx\/index.php?rest_route=\/wp\/v2\/types\/post"}],"author":[{"embeddable":true,"href":"https:\/\/zonaroja.com.mx\/index.php?rest_route=\/wp\/v2\/users\/2"}],"replies":[{"embeddable":true,"href":"https:\/\/zonaroja.com.mx\/index.php?rest_route=%2Fwp%2Fv2%2Fcomments&post=17504"}],"version-history":[{"count":1,"href":"https:\/\/zonaroja.com.mx\/index.php?rest_route=\/wp\/v2\/posts\/17504\/revisions"}],"predecessor-version":[{"id":17506,"href":"https:\/\/zonaroja.com.mx\/index.php?rest_route=\/wp\/v2\/posts\/17504\/revisions\/17506"}],"wp:featuredmedia":[{"embeddable":true,"href":"https:\/\/zonaroja.com.mx\/index.php?rest_route=\/wp\/v2\/media\/17505"}],"wp:attachment":[{"href":"https:\/\/zonaroja.com.mx\/index.php?rest_route=%2Fwp%2Fv2%2Fmedia&parent=17504"}],"wp:term":[{"taxonomy":"category","embeddable":true,"href":"https:\/\/zonaroja.com.mx\/index.php?rest_route=%2Fwp%2Fv2%2Fcategories&post=17504"},{"taxonomy":"post_tag","embeddable":true,"href":"https:\/\/zonaroja.com.mx\/index.php?rest_route=%2Fwp%2Fv2%2Ftags&post=17504"}],"curies":[{"name":"wp","href":"https:\/\/api.w.org\/{rel}","templated":true}]}}