{"id":17521,"date":"2020-09-12T19:10:51","date_gmt":"2020-09-13T00:10:51","guid":{"rendered":"http:\/\/www.zonaroja.com.mx\/?p=17521"},"modified":"2020-09-12T19:10:54","modified_gmt":"2020-09-13T00:10:54","slug":"pide-congreso-a-ejecutivo-estatal-difundir-en-municipios-ley-antichatarra","status":"publish","type":"post","link":"https:\/\/zonaroja.com.mx\/?p=17521","title":{"rendered":"Pide Congreso a Ejecutivo estatal difundir en municipios ley \u201cantichatarra\u201d"},"content":{"rendered":"\n<p>Redacci\u00f3n\/Zona Roja.<\/p>\n\n\n\n<p>Oaxaca de Ju\u00e1rez, Oax., 12 de septiembre de 2020.- El presidente de la Junta de Coordinaci\u00f3n Pol\u00edtica del Congreso de Oaxaca, Horacio Sosa Villavicencio, solicit\u00f3 al Poder Ejecutivo acciones tendientes a difundir, en los 570 municipios de la entidad, la reforma que proh\u00edbe la venta y regalo de alimentos con alto contenido cal\u00f3rico y bebidas azucaradas a menores de edad.<\/p>\n\n\n\n<p>El 5 de agosto, el pleno de la 64 Legislatura aprob\u00f3 la adici\u00f3n al Art\u00edculo 20 Bis a la Ley de Ni\u00f1as, Ni\u00f1os y Adolescentes del Estado de Oaxaca; el d\u00eda 4 de septiembre, fue publicada en el Peri\u00f3dico Oficial del Estado de Oaxaca, por parte del Ejecutivo estatal.<\/p>\n\n\n\n<p>En entrevista radiof\u00f3nica, el representante popular indic\u00f3 que para que dicha disposici\u00f3n jur\u00eddica cumpla con el objetivo de velar por la salud de las personas menores de edad, debe existir un trabajo coordinado en materia de difusi\u00f3n, entre las autoridades estatales y municipales.<\/p>\n\n\n\n<p>Sosa Villavicencio recibi\u00f3 con benepl\u00e1cito que en los centros comerciales, que ya se proh\u00edbe la venta de alimentos \u00b4chatarras\u00b4 y bebidas azucaradas.<\/p>\n\n\n\n<p>\u201cEsperemos que el Gobierno del Estado inicie una campa\u00f1a para llevar a todo Oaxaca la informaci\u00f3n a fin de garantizar la salud de las ni\u00f1as y ni\u00f1os oaxaque\u00f1os\u201d, apunt\u00f3.<\/p>\n\n\n\n<p>Tambi\u00e9n, llam\u00f3 a los padres de familia a generar conciencia entre los ni\u00f1os y las ni\u00f1as acerca de las afectaciones que resultan al consumir alimentos de alto contenido cal\u00f3rico.<\/p>\n\n\n\n<p>Asimismo, consider\u00f3 necesario reforzar el sistema educativo incrementando las actividades deportivas y capacitaci\u00f3n nutricional. En este sentido, anunci\u00f3 que ser\u00e1n considerados en la reforma educativa local.<\/p>\n\n\n\n<p>Respecto a las inconformidades que surgieron con la prohibici\u00f3n de la venta de productos denominados \u201cchatarra\u201d, por parte de empresarios, indic\u00f3 que la semana pasada se realizaron reuniones con representantes de industrias alimentarias, los cuales, plantearon diferentes propuestas para complementar la legislaci\u00f3n en menci\u00f3n.<\/p>\n\n\n\n<p>Sosa Villavicencio, reiter\u00f3 el compromiso de la 64 Legislatura de ser un congreso abierto a escuchar las voces de las y los oaxaque\u00f1os.<\/p>\n","protected":false},"excerpt":{"rendered":"<p>Redacci\u00f3n\/Zona Roja. Oaxaca de Ju\u00e1rez, Oax., 12 de septiembre de 2020.- El presidente de la&hellip;<\/p>\n","protected":false},"author":2,"featured_media":17522,"comment_status":"closed","ping_status":"open","sticky":false,"template":"","format":"standard","meta":{"_lmt_disableupdate":"","_lmt_disable":"","_jetpack_memberships_contains_paid_content":false,"footnotes":""},"categories":[109,46],"tags":[444],"class_list":["post-17521","post","type-post","status-publish","format-standard","has-post-thumbnail","hentry","category-minuto-a-minuto","category-zona-blanca","tag-horacio-sosa-villavicencio"],"jetpack_featured_media_url":"https:\/\/zonaroja.com.mx\/wp-content\/uploads\/2020\/09\/FOTO-Horacio-Sosa-Villavicencio-presidente-de-la-Junta-de-Coordinacion-Politica-del-Congreso-de-Oaxaca.jpg","jetpack_sharing_enabled":true,"_links":{"self":[{"href":"https:\/\/zonaroja.com.mx\/index.php?rest_route=\/wp\/v2\/posts\/17521","targetHints":{"allow":["GET"]}}],"collection":[{"href":"https:\/\/zonaroja.com.mx\/index.php?rest_route=\/wp\/v2\/posts"}],"about":[{"href":"https:\/\/zonaroja.com.mx\/index.php?rest_route=\/wp\/v2\/types\/post"}],"author":[{"embeddable":true,"href":"https:\/\/zonaroja.com.mx\/index.php?rest_route=\/wp\/v2\/users\/2"}],"replies":[{"embeddable":true,"href":"https:\/\/zonaroja.com.mx\/index.php?rest_route=%2Fwp%2Fv2%2Fcomments&post=17521"}],"version-history":[{"count":1,"href":"https:\/\/zonaroja.com.mx\/index.php?rest_route=\/wp\/v2\/posts\/17521\/revisions"}],"predecessor-version":[{"id":17523,"href":"https:\/\/zonaroja.com.mx\/index.php?rest_route=\/wp\/v2\/posts\/17521\/revisions\/17523"}],"wp:featuredmedia":[{"embeddable":true,"href":"https:\/\/zonaroja.com.mx\/index.php?rest_route=\/wp\/v2\/media\/17522"}],"wp:attachment":[{"href":"https:\/\/zonaroja.com.mx\/index.php?rest_route=%2Fwp%2Fv2%2Fmedia&parent=17521"}],"wp:term":[{"taxonomy":"category","embeddable":true,"href":"https:\/\/zonaroja.com.mx\/index.php?rest_route=%2Fwp%2Fv2%2Fcategories&post=17521"},{"taxonomy":"post_tag","embeddable":true,"href":"https:\/\/zonaroja.com.mx\/index.php?rest_route=%2Fwp%2Fv2%2Ftags&post=17521"}],"curies":[{"name":"wp","href":"https:\/\/api.w.org\/{rel}","templated":true}]}}