{"id":17527,"date":"2020-09-12T21:20:38","date_gmt":"2020-09-13T02:20:38","guid":{"rendered":"http:\/\/www.zonaroja.com.mx\/?p=17527"},"modified":"2020-09-12T21:20:43","modified_gmt":"2020-09-13T02:20:43","slug":"exigimos-justicia-el-grito-en-jamiltepec-por-jovani","status":"publish","type":"post","link":"https:\/\/zonaroja.com.mx\/?p=17527","title":{"rendered":"\u00a1Exigimos Justicia!, el grito en Jamiltepec por Jovani"},"content":{"rendered":"\n<p>Ismael Garc\u00eda M.\/Zona Roja.<\/p>\n\n\n\n<p>Oaxaca de Ju\u00e1rez, Oax., 12 de septiembre de 2020.- Entre l\u00e1grimas y al grito de \u00a1Exigimos justicia!, familiares y amigo del m\u00e9dico Jovani Ram\u00edrez Carbajal marcharon hoy para demandar esclarecimiento del crimen y castigo al o los responsables.<\/p>\n\n\n\n<p>La manifestaci\u00f3n inici\u00f3 alrededor de las 11:00 horas, de la sede del hospital rural del IMSS, donde fue visto por \u00faltima vez, hacia el templo de Nuestra Virgen de los Remedios.<\/p>\n\n\n\n<p>Con pancartas en mano y lonas, demandaron la pronta intervenci\u00f3n de la Fiscal\u00eda General del Estado de Oaxaca, pues a 15 d\u00edas de la desaparici\u00f3n del m\u00e9dico y a dos semanas de hallado el cuerpo, no hay pistas del o los agresores.<\/p>\n\n\n\n<figure class=\"wp-block-embed-twitter wp-block-embed is-type-rich is-provider-twitter\"><div class=\"wp-block-embed__wrapper\">\n<div class=\"twitter-tweet\"><blockquote class=\"twitter-tweet\" data-lang=\"es\"><p lang=\"es\" dir=\"ltr\"><a href=\"https:\/\/twitter.com\/hashtag\/OaxacaGris?src=hash&amp;ref_src=twsrc%5Etfw\">#OaxacaGris<\/a><a href=\"https:\/\/twitter.com\/hashtag\/JusticiaParaJovani?src=hash&amp;ref_src=twsrc%5Etfw\">#JusticiaParaJovani<\/a> <br>As\u00ed fue la marcha este s\u00e1bado en Santiago <a href=\"https:\/\/twitter.com\/hashtag\/Jamiltepec?src=hash&amp;ref_src=twsrc%5Etfw\">#Jamiltepec<\/a>, <a href=\"https:\/\/twitter.com\/hashtag\/Oaxaca?src=hash&amp;ref_src=twsrc%5Etfw\">#Oaxaca<\/a>, para exigir justicia por el asesinato del m\u00e9dico Jovani Ram\u00edrez, desaparecido hace 15 d\u00edas y hallado muerto hace una semana. <a href=\"https:\/\/t.co\/DohiqySLvC\">pic.twitter.com\/DohiqySLvC<\/a><\/p>&mdash; Zona Roja Oaxaca (@MexRoja) <a href=\"https:\/\/twitter.com\/MexRoja\/status\/1304944209397514240?ref_src=twsrc%5Etfw\">13 de septiembre de 2020<\/a><\/blockquote><\/div>\n<\/div><\/figure>\n\n\n\n<p>La mayor\u00eda de los asistentes port\u00f3 cubrebocas, as\u00ed como una playera blanca con im\u00e1genes de Jovani, adem\u00e1s de guardar la sana distancia, pese a lo nutrida de la marcha.<\/p>\n\n\n\n<p>Hasta el momento, ni la Vicefiscal\u00eda Regional de la Costa ni la Fiscal\u00eda General han informado si ya iniciaron las indagatorias, mucho menos si cuenta con alguna pista del o los probables homicidas.<\/p>\n\n\n\n<p>El galeno de 33 a\u00f1os de edad fue visto por \u00faltima vez la tarde del pasado 31 de agosto al salir del nosocomio donde labora, el Hospital Rural 35 del Instituto Mexicano del Seguro Social (IMSS) en Santiago Jamiltepec.<\/p>\n\n\n\n<p>Una semana despu\u00e9s, el pasado 5 de septiembre su cuerpo fue localizado sin vida y en estado de descomposici\u00f3n a las orillas del r\u00edo \u201cVerde\u201d, en la agencia municipal de Chacahua, del municipio de Villa de Tututepec.<\/p>\n","protected":false},"excerpt":{"rendered":"<p>Ismael Garc\u00eda M.\/Zona Roja. Oaxaca de Ju\u00e1rez, Oax., 12 de septiembre de 2020.- Entre l\u00e1grimas&hellip;<\/p>\n","protected":false},"author":2,"featured_media":17528,"comment_status":"closed","ping_status":"open","sticky":false,"template":"","format":"standard","meta":{"_lmt_disableupdate":"","_lmt_disable":"","_jetpack_memberships_contains_paid_content":false,"footnotes":""},"categories":[109,47],"tags":[1988],"class_list":["post-17527","post","type-post","status-publish","format-standard","has-post-thumbnail","hentry","category-minuto-a-minuto","category-zona-gris","tag-medico-jovani-ramirez-carbajal"],"jetpack_featured_media_url":"https:\/\/zonaroja.com.mx\/wp-content\/uploads\/2020\/09\/Marcha-Jovani-Jamiltepec.jpg","jetpack_sharing_enabled":true,"_links":{"self":[{"href":"https:\/\/zonaroja.com.mx\/index.php?rest_route=\/wp\/v2\/posts\/17527","targetHints":{"allow":["GET"]}}],"collection":[{"href":"https:\/\/zonaroja.com.mx\/index.php?rest_route=\/wp\/v2\/posts"}],"about":[{"href":"https:\/\/zonaroja.com.mx\/index.php?rest_route=\/wp\/v2\/types\/post"}],"author":[{"embeddable":true,"href":"https:\/\/zonaroja.com.mx\/index.php?rest_route=\/wp\/v2\/users\/2"}],"replies":[{"embeddable":true,"href":"https:\/\/zonaroja.com.mx\/index.php?rest_route=%2Fwp%2Fv2%2Fcomments&post=17527"}],"version-history":[{"count":1,"href":"https:\/\/zonaroja.com.mx\/index.php?rest_route=\/wp\/v2\/posts\/17527\/revisions"}],"predecessor-version":[{"id":17529,"href":"https:\/\/zonaroja.com.mx\/index.php?rest_route=\/wp\/v2\/posts\/17527\/revisions\/17529"}],"wp:featuredmedia":[{"embeddable":true,"href":"https:\/\/zonaroja.com.mx\/index.php?rest_route=\/wp\/v2\/media\/17528"}],"wp:attachment":[{"href":"https:\/\/zonaroja.com.mx\/index.php?rest_route=%2Fwp%2Fv2%2Fmedia&parent=17527"}],"wp:term":[{"taxonomy":"category","embeddable":true,"href":"https:\/\/zonaroja.com.mx\/index.php?rest_route=%2Fwp%2Fv2%2Fcategories&post=17527"},{"taxonomy":"post_tag","embeddable":true,"href":"https:\/\/zonaroja.com.mx\/index.php?rest_route=%2Fwp%2Fv2%2Ftags&post=17527"}],"curies":[{"name":"wp","href":"https:\/\/api.w.org\/{rel}","templated":true}]}}