{"id":17533,"date":"2020-09-13T07:29:14","date_gmt":"2020-09-13T12:29:14","guid":{"rendered":"http:\/\/www.zonaroja.com.mx\/?p=17533"},"modified":"2020-09-13T07:29:18","modified_gmt":"2020-09-13T12:29:18","slug":"el-teeo-echa-abajo-designacion-ilegal-de-regidora-realizada-por-edil-de-santa-lucia","status":"publish","type":"post","link":"https:\/\/zonaroja.com.mx\/?p=17533","title":{"rendered":"El TEEO echa abajo designaci\u00f3n ilegal de regidora realizada por edil de Santa Lucia"},"content":{"rendered":"\n<p>Evlin Arag\u00f3n\/Zona Roja.<\/p>\n\n\n\n<p>Oaxaca de Ju\u00e1rez, Oax., 13 de septiembre de 2020.- El pleno del Tribunal Electoral del Estado de Oaxaca (TEEO), declar\u00f3 fundados los agravios cometidos por el presidente municipal de Santa Luc\u00eda del Camino, Dante Monta\u00f1o Montero, en perjuicio de la ciudadana Yuliana Carolina P\u00e9rez Cort\u00e9s, a quien vulner\u00f3 sus derechos pol\u00edtico-electorales.&nbsp;<\/p>\n\n\n\n<p>Lo anterior como repuesta al expediente JDC\/69\/2020 promovido por P\u00e9rez Cort\u00e9s, en donde se reclama la omisi\u00f3n del edil e integrantes del ayuntamiento de Santa Luc\u00eda del Camino, relacionadas con el derecho pol\u00edtico electoral de ser votado en su vertiente de acceso, ejercicio y permanencia del cargo de concejal del referido municipio.&nbsp;<\/p>\n\n\n\n<p>Por acuerdo de la magistrada presidenta, Elizabeth Bautista Velasco, as\u00ed como los magistrados Miguel \u00c1ngel Carballido D\u00edaz y Raymundo Wilfrido L\u00f3pez V\u00e1squez, fue revocada la designaci\u00f3n de Marcela Ch\u00e1vez Gonz\u00e1lez como regidora de Reglamento y Ordenanzas Municipales, realizada por el edil de forma ilegal, el pasado 12 de agosto.&nbsp;<\/p>\n\n\n\n<p>As\u00ed mismo, se determin\u00f3 que Monta\u00f1o Montero tome protesta a la quejosa como regidora de Reglamentos y Ordenanzas Municipales, tal y como corresponde al ser integrante de la planilla registrada por los partidos Revolucionario Institucional y Verde Ecologista de M\u00e9xico, siendo designada como propietaria de la f\u00f3rmula que ocup\u00f3 el cuarto lugar.<\/p>\n\n\n\n<p>\u201cSe declaran fundados de la parte actora, al estimar que son hechos reconocidos por las dos partes de la Regidur\u00eda en pugna le corresponde a la planilla postulada por la candidatura com\u00fan PRI-PVEM\u201d.&nbsp;<\/p>\n\n\n\n<p>\u201cSe revoca el nombramiento de la tercera interesa, y se ordena al ayuntamiento que le tome protesta a la actora como Regidora de Reglamentos y Ordenanzas Municipales\u201d, refiere de manera textual la resoluci\u00f3n del TEEO.<\/p>\n\n\n\n<p>La regidur\u00eda de Reglamentos y Ordenanzas Municipales entr\u00f3 en disputa luego del fallecimiento de Antonio Pacheco Ram\u00edrez, quien se desempe\u00f1aba en el cargo. Pese a que Yuliana Carolina P\u00e9rez Cort\u00e9s solicit\u00f3 al IEEPCO su constancia de participaci\u00f3n en la planilla, el edil decidi\u00f3 tomarle protesta a Marcela Ch\u00e1vez Gonz\u00e1lez, registrada como suplente de la demandante.&nbsp;<\/p>\n\n\n\n<p>No obstante que cinco regidores se inconformaron con la designaci\u00f3n ilegal, el edil se\u00f1alo que se trataba de un problema de interpretaci\u00f3n y asegur\u00f3 que el proceso era v\u00e1lido, por lo que la agraviada recurri\u00f3 al Tribunal Electoral del Estado de Oaxaca, que este viernes resolvi\u00f3 a su favor.&nbsp;<\/p>\n\n\n\n<p>Apenas a inicios del mes de junio, el Tribunal Electoral del Poder Judicial de la Federaci\u00f3n (TEPJF) determin\u00f3 la existencia de violencia pol\u00edtica en raz\u00f3n de g\u00e9nero contra una regidora de Equidad de G\u00e9nero y Grupos Vulnerables del ayuntamiento de Santa Luc\u00eda del Camino, Oaxaca, ejercida por Dante Monta\u00f1o.<\/p>\n","protected":false},"excerpt":{"rendered":"<p>Evlin Arag\u00f3n\/Zona Roja. Oaxaca de Ju\u00e1rez, Oax., 13 de septiembre de 2020.- El pleno del&hellip;<\/p>\n","protected":false},"author":2,"featured_media":17534,"comment_status":"closed","ping_status":"open","sticky":false,"template":"","format":"standard","meta":{"_lmt_disableupdate":"","_lmt_disable":"","_jetpack_memberships_contains_paid_content":false,"footnotes":""},"categories":[109,47],"tags":[585,337],"class_list":["post-17533","post","type-post","status-publish","format-standard","has-post-thumbnail","hentry","category-minuto-a-minuto","category-zona-gris","tag-dante-montano-montero","tag-santa-lucia-del-camino"],"jetpack_featured_media_url":"https:\/\/zonaroja.com.mx\/wp-content\/uploads\/2020\/09\/Dante-Montano.png","jetpack_sharing_enabled":true,"_links":{"self":[{"href":"https:\/\/zonaroja.com.mx\/index.php?rest_route=\/wp\/v2\/posts\/17533","targetHints":{"allow":["GET"]}}],"collection":[{"href":"https:\/\/zonaroja.com.mx\/index.php?rest_route=\/wp\/v2\/posts"}],"about":[{"href":"https:\/\/zonaroja.com.mx\/index.php?rest_route=\/wp\/v2\/types\/post"}],"author":[{"embeddable":true,"href":"https:\/\/zonaroja.com.mx\/index.php?rest_route=\/wp\/v2\/users\/2"}],"replies":[{"embeddable":true,"href":"https:\/\/zonaroja.com.mx\/index.php?rest_route=%2Fwp%2Fv2%2Fcomments&post=17533"}],"version-history":[{"count":1,"href":"https:\/\/zonaroja.com.mx\/index.php?rest_route=\/wp\/v2\/posts\/17533\/revisions"}],"predecessor-version":[{"id":17535,"href":"https:\/\/zonaroja.com.mx\/index.php?rest_route=\/wp\/v2\/posts\/17533\/revisions\/17535"}],"wp:featuredmedia":[{"embeddable":true,"href":"https:\/\/zonaroja.com.mx\/index.php?rest_route=\/wp\/v2\/media\/17534"}],"wp:attachment":[{"href":"https:\/\/zonaroja.com.mx\/index.php?rest_route=%2Fwp%2Fv2%2Fmedia&parent=17533"}],"wp:term":[{"taxonomy":"category","embeddable":true,"href":"https:\/\/zonaroja.com.mx\/index.php?rest_route=%2Fwp%2Fv2%2Fcategories&post=17533"},{"taxonomy":"post_tag","embeddable":true,"href":"https:\/\/zonaroja.com.mx\/index.php?rest_route=%2Fwp%2Fv2%2Ftags&post=17533"}],"curies":[{"name":"wp","href":"https:\/\/api.w.org\/{rel}","templated":true}]}}