{"id":17541,"date":"2020-09-13T07:49:21","date_gmt":"2020-09-13T12:49:21","guid":{"rendered":"http:\/\/www.zonaroja.com.mx\/?p=17541"},"modified":"2020-09-13T07:49:24","modified_gmt":"2020-09-13T12:49:24","slug":"promueve-poder-judicial-humanizacion-de-la-justicia-en-oaxaca","status":"publish","type":"post","link":"https:\/\/zonaroja.com.mx\/?p=17541","title":{"rendered":"Promueve Poder Judicial humanizaci\u00f3n de la justicia en Oaxaca"},"content":{"rendered":"\n<p>Redacci\u00f3n\/Zona Roja.<\/p>\n\n\n\n<p>Oaxaca de Ju\u00e1rez, Oax., 13 de septiembre de 2020.- Con el tema Mediaci\u00f3n Privada, el Poder Judicial de Oaxaca realiz\u00f3 el segundo foro \u201cHumanizando la Justicia\u201d, de una serie de tres organizados en este mes de septiembre.<\/p>\n\n\n\n<p>Lo anterior, a fin de analizar e intercambiar puntos de vista en torno a la propuesta de Ley General de Mecanismos Alternativos de Soluci\u00f3n de Controversias y promover procedimientos voluntarios como la mediaci\u00f3n y conciliaci\u00f3n, entre las partes involucradas en un conflicto legal, que les permitan resolverlo sin acudir a un juzgado.<\/p>\n\n\n\n<p>Rafael Lobo Niembro, socio de Alinea Centro de Mediaci\u00f3n y Resoluci\u00f3n de Controversias, pionero en esta materia; la presidenta del Colegio de Notarios de Oaxaca, Guadalupe D\u00edaz Carranza, y la directora del Centro de Justicia Alternativa del Poder Judicial del Estado, Betzzaida Cruz Mendoza, disertaron sobre la mediaci\u00f3n privada como un modelo que aporta a la cultura de la paz y del que hay antecedentes en la entidad.<\/p>\n\n\n\n<p>Coincidieron en que, para dar certeza a la ciudadan\u00eda, las y los profesionales que ejerzan esta actividad, deben estar certificados y encontrarse en constante actualizaci\u00f3n, ya que en este tema la iniciativa de Ley General de Mecanismos Alternativos de Soluci\u00f3n de Controversias contempla un Padr\u00f3n Nacional para mediadores p\u00fablicos y privados, con un \u00f3rgano que lo va a regular y supervisar.<\/p>\n\n\n\n<p>Sobre la mediaci\u00f3n en sede notarial, la presidenta del Colegio de Notarios de Oaxaca puntualiz\u00f3 que cada vez se abren m\u00e1s los espacios para que la ciudadan\u00eda acceda a solucionar sus conflictos a trav\u00e9s de esta herramienta; de ah\u00ed la importancia de acercarle los medios para que lo hagan. \u201cLas v\u00edas alternas con la mediaci\u00f3n y el arbitraje, son una garant\u00eda del acceso a una justicia pronta y expedita\u201d, se\u00f1al\u00f3.<\/p>\n\n\n\n<p>En su oportunidad, el especialista Rafael Lobo Niembro, puntualiz\u00f3 que quienes trabajan cotidianamente en esta actividad deben obtener un reconocimiento de ley o por parte de los poderes judiciales a trav\u00e9s de la certificaci\u00f3n, adem\u00e1s de procurar no monopolizar el servicio o tener conflictos de inter\u00e9s en un asunto.<\/p>\n\n\n\n<p>A su vez, la directora del Centro de Justicia Alternativa coment\u00f3 que M\u00e9xico es uno de los pa\u00edses que apunt\u00f3 a este m\u00e9todo de resoluci\u00f3n de conflictos, pensando con una visi\u00f3n humana y de responsabilidad.<\/p>\n\n\n\n<p>\u201cLa mediaci\u00f3n privada se empez\u00f3 a visualizar con el desarrollo del Proyecto Nacional de Mediaci\u00f3n en donde no solamente se involucraron los poderes judiciales sino otros sectores como notarios, barras de abogados y grupos parlamentarios\u201d, puntualiz\u00f3.<\/p>\n\n\n\n<p>El tercer foro se realizar\u00e1 el pr\u00f3ximo jueves 17 de septiembre, a las 11:00 horas, a trav\u00e9s de las redes sociales del Tribunal Superior de Justicia en Facebook @TSJOAX y twitter @tsjoaxaca.<\/p>\n","protected":false},"excerpt":{"rendered":"<p>Redacci\u00f3n\/Zona Roja. Oaxaca de Ju\u00e1rez, Oax., 13 de septiembre de 2020.- Con el tema Mediaci\u00f3n&hellip;<\/p>\n","protected":false},"author":2,"featured_media":17542,"comment_status":"closed","ping_status":"open","sticky":false,"template":"","format":"standard","meta":{"_lmt_disableupdate":"","_lmt_disable":"","_jetpack_memberships_contains_paid_content":false,"footnotes":""},"categories":[109,46],"tags":[223],"class_list":["post-17541","post","type-post","status-publish","format-standard","has-post-thumbnail","hentry","category-minuto-a-minuto","category-zona-blanca","tag-poder-judicial-de-oaxaca"],"jetpack_featured_media_url":"https:\/\/zonaroja.com.mx\/wp-content\/uploads\/2020\/09\/Foro-humanizando-la-justicia.jpg","jetpack_sharing_enabled":true,"_links":{"self":[{"href":"https:\/\/zonaroja.com.mx\/index.php?rest_route=\/wp\/v2\/posts\/17541","targetHints":{"allow":["GET"]}}],"collection":[{"href":"https:\/\/zonaroja.com.mx\/index.php?rest_route=\/wp\/v2\/posts"}],"about":[{"href":"https:\/\/zonaroja.com.mx\/index.php?rest_route=\/wp\/v2\/types\/post"}],"author":[{"embeddable":true,"href":"https:\/\/zonaroja.com.mx\/index.php?rest_route=\/wp\/v2\/users\/2"}],"replies":[{"embeddable":true,"href":"https:\/\/zonaroja.com.mx\/index.php?rest_route=%2Fwp%2Fv2%2Fcomments&post=17541"}],"version-history":[{"count":1,"href":"https:\/\/zonaroja.com.mx\/index.php?rest_route=\/wp\/v2\/posts\/17541\/revisions"}],"predecessor-version":[{"id":17543,"href":"https:\/\/zonaroja.com.mx\/index.php?rest_route=\/wp\/v2\/posts\/17541\/revisions\/17543"}],"wp:featuredmedia":[{"embeddable":true,"href":"https:\/\/zonaroja.com.mx\/index.php?rest_route=\/wp\/v2\/media\/17542"}],"wp:attachment":[{"href":"https:\/\/zonaroja.com.mx\/index.php?rest_route=%2Fwp%2Fv2%2Fmedia&parent=17541"}],"wp:term":[{"taxonomy":"category","embeddable":true,"href":"https:\/\/zonaroja.com.mx\/index.php?rest_route=%2Fwp%2Fv2%2Fcategories&post=17541"},{"taxonomy":"post_tag","embeddable":true,"href":"https:\/\/zonaroja.com.mx\/index.php?rest_route=%2Fwp%2Fv2%2Ftags&post=17541"}],"curies":[{"name":"wp","href":"https:\/\/api.w.org\/{rel}","templated":true}]}}