{"id":17544,"date":"2020-09-13T07:56:46","date_gmt":"2020-09-13T12:56:46","guid":{"rendered":"http:\/\/www.zonaroja.com.mx\/?p=17544"},"modified":"2020-09-13T07:56:49","modified_gmt":"2020-09-13T12:56:49","slug":"catorce-fallecimientos-de-menores-de-edad-deja-covid-19-en-oaxaca","status":"publish","type":"post","link":"https:\/\/zonaroja.com.mx\/?p=17544","title":{"rendered":"Catorce fallecimientos de menores de edad, deja Covid-19 en Oaxaca"},"content":{"rendered":"\n<p>Evlin Arag\u00f3n\/Zona Roja.<\/p>\n\n\n\n<p>Oaxaca de Ju\u00e1rez, Oax., 13 de septiembre de 2020.- Catorce fallecimientos en la poblaci\u00f3n infantil y juvenil se registran en Oaxaca con motivo de la pandemia por Sars-Cov2, acuerdo con los datos proporcionados por el Sistema de Protecci\u00f3n Integral de los Derechos de las Ni\u00f1as, Ni\u00f1os y Adolescentes (SIPINNA).<\/p>\n\n\n\n<p>Se trata de 11 varones y tres mujeres, 10 de los cuales est\u00e1n ubicado en el rango de cero a cinco a\u00f1os de edad; tres m\u00e1s en el de los seis a 11 a\u00f1os; y uno m\u00e1s adolescente en el rango de 12 a 17 a\u00f1os, de acuerdo con los datos oficiales expuestos este viernes por la dependencia federal.&nbsp;<\/p>\n\n\n\n<p>En lo que va de la contingencia, 491 ni\u00f1as, ni\u00f1os y adolescentes han dado positivo al Covid-19, mientras 40 m\u00e1s son sospechosos dando un total de 531 casos reportados hasta el momento, cifra por encima de los 65 casos ocurridos en Nayarit, que es la entidad con lo n\u00famero m\u00e1s bajos, y muy por debajo a los seis mil 214 que reporta la Ciudad de M\u00e9xico.&nbsp;<\/p>\n\n\n\n<p>Los padecimientos adicionales que reportaron las v\u00edctimas mortales menores de edad fueron cardiovasculares, hipertensi\u00f3n y neumon\u00eda al menos en los casos de: Salina Cruz, Santa Mar\u00eda Lachix\u00edo, Juchit\u00e1n de Zaragoza y Magdalena Teitipac, Putla Villa de Guerrero, San Pedro Pochutla, Asunci\u00f3n Nochixtl\u00e1n, Santa Mar\u00eda Huatulco y Santa Catarina Mechoac\u00e1n .&nbsp;<\/p>\n\n\n\n<p>Mientras que en los municipios de San Felipe Jalapa de D\u00edaz y San Pedro Ixtlahuaca no se reporta la existencia de un padecimiento adicional, y en la localidad de Abejones se registraron solo otras enfermedades, sin especificaci\u00f3n.&nbsp;<\/p>\n\n\n\n<p>En todo el pa\u00eds la cifra de ni\u00f1as, ni\u00f1os y adolescentes que tienen o tuvieron coronavirus es de 18 mil 236, siendo el rango de 12 a 17 a\u00f1os el de mayor riesgo de contagio. Las defunciones son hasta el momento 244, 130 varones y 114 mujeres.<\/p>\n\n\n\n<p>De acuerdo con los datos referido por la autoridad federal en materia de salud, este fin de semana la entidad oaxaque\u00f1a regresa a sem\u00e1foro epidemiol\u00f3gico color naranja, luego de estar 15 d\u00edas en amarillo, situaci\u00f3n que dio como resultado que se relajaran las medidas sanitarias.<\/p>\n","protected":false},"excerpt":{"rendered":"<p>Evlin Arag\u00f3n\/Zona Roja. Oaxaca de Ju\u00e1rez, Oax., 13 de septiembre de 2020.- Catorce fallecimientos en&hellip;<\/p>\n","protected":false},"author":2,"featured_media":17545,"comment_status":"closed","ping_status":"open","sticky":false,"template":"","format":"standard","meta":{"_lmt_disableupdate":"","_lmt_disable":"","_jetpack_memberships_contains_paid_content":false,"footnotes":""},"categories":[109,47],"tags":[1512],"class_list":["post-17544","post","type-post","status-publish","format-standard","has-post-thumbnail","hentry","category-minuto-a-minuto","category-zona-gris","tag-coronavirus-oaxaca"],"jetpack_featured_media_url":"https:\/\/zonaroja.com.mx\/wp-content\/uploads\/2020\/09\/Muerte-Covid-19.jpg","jetpack_sharing_enabled":true,"_links":{"self":[{"href":"https:\/\/zonaroja.com.mx\/index.php?rest_route=\/wp\/v2\/posts\/17544","targetHints":{"allow":["GET"]}}],"collection":[{"href":"https:\/\/zonaroja.com.mx\/index.php?rest_route=\/wp\/v2\/posts"}],"about":[{"href":"https:\/\/zonaroja.com.mx\/index.php?rest_route=\/wp\/v2\/types\/post"}],"author":[{"embeddable":true,"href":"https:\/\/zonaroja.com.mx\/index.php?rest_route=\/wp\/v2\/users\/2"}],"replies":[{"embeddable":true,"href":"https:\/\/zonaroja.com.mx\/index.php?rest_route=%2Fwp%2Fv2%2Fcomments&post=17544"}],"version-history":[{"count":1,"href":"https:\/\/zonaroja.com.mx\/index.php?rest_route=\/wp\/v2\/posts\/17544\/revisions"}],"predecessor-version":[{"id":17546,"href":"https:\/\/zonaroja.com.mx\/index.php?rest_route=\/wp\/v2\/posts\/17544\/revisions\/17546"}],"wp:featuredmedia":[{"embeddable":true,"href":"https:\/\/zonaroja.com.mx\/index.php?rest_route=\/wp\/v2\/media\/17545"}],"wp:attachment":[{"href":"https:\/\/zonaroja.com.mx\/index.php?rest_route=%2Fwp%2Fv2%2Fmedia&parent=17544"}],"wp:term":[{"taxonomy":"category","embeddable":true,"href":"https:\/\/zonaroja.com.mx\/index.php?rest_route=%2Fwp%2Fv2%2Fcategories&post=17544"},{"taxonomy":"post_tag","embeddable":true,"href":"https:\/\/zonaroja.com.mx\/index.php?rest_route=%2Fwp%2Fv2%2Ftags&post=17544"}],"curies":[{"name":"wp","href":"https:\/\/api.w.org\/{rel}","templated":true}]}}