{"id":17547,"date":"2020-09-13T12:22:25","date_gmt":"2020-09-13T17:22:25","guid":{"rendered":"http:\/\/www.zonaroja.com.mx\/?p=17547"},"modified":"2020-09-13T12:22:30","modified_gmt":"2020-09-13T17:22:30","slug":"asaltan-a-familia-y-matan-a-balazos-a-adulto-mayor-en-putla-oaxaca","status":"publish","type":"post","link":"https:\/\/zonaroja.com.mx\/?p=17547","title":{"rendered":"Asaltan a familia y matan a balazos a adulto mayor en Putla, Oaxaca"},"content":{"rendered":"\n<p>Ismael Garc\u00eda M.\/Zona Roja.<\/p>\n\n\n\n<p>Oaxaca de Ju\u00e1rez, Oax., 13 de septiembre de 2020.- Una familia fue emboscada y asaltada a bordo de su veh\u00edculo en la carretera federal 125 \u201cAlfonso P\u00e9rez Gasga\u201d, en jurisdicci\u00f3n de Putla Villa de Guerrero y durante el ataque armado, una persona adulta perdi\u00f3 la vida.<\/p>\n\n\n\n<p>De acuerdo con reportes policiacos preliminares, los hechos sucedieron la madrugada de hoy deste domingo a la altura del kil\u00f3metro 100 de dicha vialidad, en inmediaciones de la agencia Isidro Morelos.<\/p>\n\n\n\n<p>Sujetos armados cerraron el paso a los ocupantes de una camioneta de 3.5 toneladas, marca Ford, color blanca con gris, con placas de circulaci\u00f3n RX09980 del estado de Oaxaca.<\/p>\n\n\n\n<p>En la unidad Mario Rojas Velazco, propietario del veh\u00edculo, su esposa Guillermina A. H. y Salvador Ricardo Aguilar L\u00f3pez, quien perdi\u00f3 la vida a causa de un impacto de arma de fuego a la altura de la cabeza, el cual se encontraba sentado en el lado del copiloto.<\/p>\n\n\n\n<p>Seg\u00fan dio a conocer la familia, fueron interceptados por individuos desconocidos que se trasladaban en un veh\u00edculo color gris,&nbsp; los cuales le cerraron el paso descendiendo tres de ellos del automotor con armas de fuego efectuando disparos del lado del copiloto, alcanzando un proyectil de arma de fuego al hoy occiso en la cabeza perdiendo la vida al instante.<\/p>\n\n\n\n<p>Elementos de la Agencia Estatal de Investigaciones arribaron a la zona para iniciar las diligencias correspondientes; hasta el momento no hay pistas de los probables agresores.<\/p>\n","protected":false},"excerpt":{"rendered":"<p>Ismael Garc\u00eda M.\/Zona Roja. Oaxaca de Ju\u00e1rez, Oax., 13 de septiembre de 2020.- Una familia&hellip;<\/p>\n","protected":false},"author":2,"featured_media":13196,"comment_status":"closed","ping_status":"open","sticky":false,"template":"","format":"standard","meta":{"_lmt_disableupdate":"","_lmt_disable":"","_jetpack_memberships_contains_paid_content":false,"footnotes":""},"categories":[109,51],"tags":[969],"class_list":["post-17547","post","type-post","status-publish","format-standard","has-post-thumbnail","hentry","category-minuto-a-minuto","category-zona-roja","tag-putla-villa-de-guerrero"],"jetpack_featured_media_url":"https:\/\/zonaroja.com.mx\/wp-content\/uploads\/2020\/06\/IMG_7822.jpg","jetpack_sharing_enabled":true,"_links":{"self":[{"href":"https:\/\/zonaroja.com.mx\/index.php?rest_route=\/wp\/v2\/posts\/17547","targetHints":{"allow":["GET"]}}],"collection":[{"href":"https:\/\/zonaroja.com.mx\/index.php?rest_route=\/wp\/v2\/posts"}],"about":[{"href":"https:\/\/zonaroja.com.mx\/index.php?rest_route=\/wp\/v2\/types\/post"}],"author":[{"embeddable":true,"href":"https:\/\/zonaroja.com.mx\/index.php?rest_route=\/wp\/v2\/users\/2"}],"replies":[{"embeddable":true,"href":"https:\/\/zonaroja.com.mx\/index.php?rest_route=%2Fwp%2Fv2%2Fcomments&post=17547"}],"version-history":[{"count":1,"href":"https:\/\/zonaroja.com.mx\/index.php?rest_route=\/wp\/v2\/posts\/17547\/revisions"}],"predecessor-version":[{"id":17548,"href":"https:\/\/zonaroja.com.mx\/index.php?rest_route=\/wp\/v2\/posts\/17547\/revisions\/17548"}],"wp:featuredmedia":[{"embeddable":true,"href":"https:\/\/zonaroja.com.mx\/index.php?rest_route=\/wp\/v2\/media\/13196"}],"wp:attachment":[{"href":"https:\/\/zonaroja.com.mx\/index.php?rest_route=%2Fwp%2Fv2%2Fmedia&parent=17547"}],"wp:term":[{"taxonomy":"category","embeddable":true,"href":"https:\/\/zonaroja.com.mx\/index.php?rest_route=%2Fwp%2Fv2%2Fcategories&post=17547"},{"taxonomy":"post_tag","embeddable":true,"href":"https:\/\/zonaroja.com.mx\/index.php?rest_route=%2Fwp%2Fv2%2Ftags&post=17547"}],"curies":[{"name":"wp","href":"https:\/\/api.w.org\/{rel}","templated":true}]}}