{"id":1755,"date":"2019-06-22T11:00:07","date_gmt":"2019-06-22T16:00:07","guid":{"rendered":"http:\/\/www.zonaroja.com.mx\/?p=1755"},"modified":"2019-06-22T09:03:16","modified_gmt":"2019-06-22T14:03:16","slug":"central-de-abasto-la-zona-mas-riesgosa-para-las-capitalinas","status":"publish","type":"post","link":"https:\/\/zonaroja.com.mx\/?p=1755","title":{"rendered":"Central de Abasto, la zona m\u00e1s riesgosa para las capitalinas"},"content":{"rendered":"\n<p>Evlin Arag\u00f3n<\/p>\n\n\n\n<p>Oaxaca de\nJu\u00e1rez, Oax., 22 de junio de 2019.- La Central de Abasto es el lugar m\u00e1s\nriesgoso para las mujeres en la capital del estado, de acuerdo con el registro\nrealizado por el Instituto Municipal de la Mujer Oaxaque\u00f1a, tomando en cuenta\nlas llamadas de emergencia al 911 durante los primeros meses del a\u00f1o.<\/p>\n\n\n\n<p>El mapeo\nforma parte de una estrategia que la dependencia ha implementado para conocer\nlas zonas de riesgo y con ello actuar en consecuencia para garantizar una vida\nlibre de violencia para las mujeres que viven o transitan en el municipio\ncapitalino.<\/p>\n\n\n\n<p>La calzada\nPorfirio D\u00edaz, en el l\u00edmite poniente con la colonia Reforma, as\u00ed como la\nagencia de Santa Rosa Panzacola, se ubican despu\u00e9s de la Central de Abasto en\nincidencia de violencia de g\u00e9nero,<\/p>\n\n\n\n<p>Mientras que\nlas agencias San Juan Chapultepec, Pueblo Nuevo, Trinidad de Viguera, San Luis\nBeltr\u00e1n, as\u00ed como las colonias Volcanes y Siete Regiones, concentran el mayor\nn\u00famero de reportes de violencia familiar.<\/p>\n\n\n\n<p>De acuerdo\ncon el documento, se observa una mayor incidencia entre las seis de la tarde y\n10 de noche, en especial en la zona de Santa Rosa, colonia Del Maestro y puntos\naislados del Centro Hist\u00f3rico.<\/p>\n\n\n\n<p>Por \u00faltimo,\nevidencia que Santa Rosa Pazacola present\u00f3 el caso m\u00e1s importante de violencia\nde g\u00e9nero, sin especificar de cual se trata, seguido de las agencias de San\nJuan Chapultepec y San Mart\u00edn Mexic\u00e1pam, las cuales se ubicaron como las m\u00e1s\nriesgosas del municipio para las mujeres a inicios de este 2019.<\/p>\n\n\n\n<p>El reporte\nde incidencia de violencia de g\u00e9nero concluye con 29 casos en enero, 77 en\nfebrero y 112 en marzo, lo cual refiere una alza mes con mes, tendencia que\npodr\u00eda continuar en el segundo trimestre en curso.<\/p>\n","protected":false},"excerpt":{"rendered":"<p>Evlin Arag\u00f3n Oaxaca de Ju\u00e1rez, Oax., 22 de junio de 2019.- La Central de Abasto&hellip;<\/p>\n","protected":false},"author":2,"featured_media":1756,"comment_status":"closed","ping_status":"open","sticky":false,"template":"","format":"standard","meta":{"_lmt_disableupdate":"","_lmt_disable":"","_jetpack_memberships_contains_paid_content":false,"footnotes":""},"categories":[109,51],"tags":[55,191,148,190],"class_list":["post-1755","post","type-post","status-publish","format-standard","has-post-thumbnail","hentry","category-minuto-a-minuto","category-zona-roja","tag-inseguridad","tag-instituto-municipal-de-la-mujer-oaxaquena","tag-oaxaca-de-juarez","tag-violencia-de-genero"],"jetpack_featured_media_url":"https:\/\/zonaroja.com.mx\/wp-content\/uploads\/2019\/06\/IMG_1362.jpg","jetpack_sharing_enabled":true,"_links":{"self":[{"href":"https:\/\/zonaroja.com.mx\/index.php?rest_route=\/wp\/v2\/posts\/1755","targetHints":{"allow":["GET"]}}],"collection":[{"href":"https:\/\/zonaroja.com.mx\/index.php?rest_route=\/wp\/v2\/posts"}],"about":[{"href":"https:\/\/zonaroja.com.mx\/index.php?rest_route=\/wp\/v2\/types\/post"}],"author":[{"embeddable":true,"href":"https:\/\/zonaroja.com.mx\/index.php?rest_route=\/wp\/v2\/users\/2"}],"replies":[{"embeddable":true,"href":"https:\/\/zonaroja.com.mx\/index.php?rest_route=%2Fwp%2Fv2%2Fcomments&post=1755"}],"version-history":[{"count":1,"href":"https:\/\/zonaroja.com.mx\/index.php?rest_route=\/wp\/v2\/posts\/1755\/revisions"}],"predecessor-version":[{"id":1757,"href":"https:\/\/zonaroja.com.mx\/index.php?rest_route=\/wp\/v2\/posts\/1755\/revisions\/1757"}],"wp:featuredmedia":[{"embeddable":true,"href":"https:\/\/zonaroja.com.mx\/index.php?rest_route=\/wp\/v2\/media\/1756"}],"wp:attachment":[{"href":"https:\/\/zonaroja.com.mx\/index.php?rest_route=%2Fwp%2Fv2%2Fmedia&parent=1755"}],"wp:term":[{"taxonomy":"category","embeddable":true,"href":"https:\/\/zonaroja.com.mx\/index.php?rest_route=%2Fwp%2Fv2%2Fcategories&post=1755"},{"taxonomy":"post_tag","embeddable":true,"href":"https:\/\/zonaroja.com.mx\/index.php?rest_route=%2Fwp%2Fv2%2Ftags&post=1755"}],"curies":[{"name":"wp","href":"https:\/\/api.w.org\/{rel}","templated":true}]}}