{"id":17552,"date":"2020-09-13T14:43:23","date_gmt":"2020-09-13T19:43:23","guid":{"rendered":"http:\/\/www.zonaroja.com.mx\/?p=17552"},"modified":"2020-09-13T14:48:48","modified_gmt":"2020-09-13T19:48:48","slug":"pese-a-pandemia-denuncian-despido-de-60-medicos-en-imss-bienestar","status":"publish","type":"post","link":"https:\/\/zonaroja.com.mx\/?p=17552","title":{"rendered":"Pese a pandemia, denuncian despido de 60 m\u00e9dicos en IMSS Bienestar"},"content":{"rendered":"\n<p>Ismael Garc\u00eda M.\/Zona Roja.<\/p>\n\n\n\n<p>Oaxaca de Ju\u00e1rez, Oax., 13 de septiembre de 2020.- Lleva m\u00e1s de 10 a\u00f1os trabajando como enfermera en unidades rurales del IMSS Bienestar en la regi\u00f3n del Istmo, y de repente no le quisieron renovar el contrato.<\/p>\n\n\n\n<p>\u201cSoy trabajadora por honorarios; despu\u00e9s que cerraron el programa Oportunidades, nos ubicaron en unidades m\u00f3viles, pero no nos dieron ni prestaciones ni seguro social ni nada; venimos cobrando nueve mil pesos al mes, trabajamos en zona Covid pero no nos pagan comisiones; incluso hay compa\u00f1eros enfermos.<\/p>\n\n\n\n<p>\u201cHemos tocado puertas, pero no hacen nada; s\u00f3lo nos dicen: \u2018lo siento, \u00bfse van a quedar sin trabajo?, ni modos&#8217;. Nadie nos apoya, nadie nos dice si nos van a recontratar\u201d, dice la mujer.<\/p>\n\n\n\n<figure class=\"wp-block-embed-twitter wp-block-embed is-type-rich is-provider-twitter\"><div class=\"wp-block-embed__wrapper\">\n<div class=\"twitter-tweet\"><blockquote class=\"twitter-tweet\" data-lang=\"es\"><p lang=\"es\" dir=\"ltr\"><a href=\"https:\/\/twitter.com\/hashtag\/OaxacaGris?src=hash&amp;ref_src=twsrc%5Etfw\">#OaxacaGris<\/a><br>Este es el testimonio de una madre de familia a la que no le garantizan contrataci\u00f3n en el <a href=\"https:\/\/twitter.com\/Tu_IMSS?ref_src=twsrc%5Etfw\">@Tu_IMSS<\/a> Bienestar; son en total 60 m\u00e9dicos y enfermeras desempleados, pese a la falta de personal en <a href=\"https:\/\/twitter.com\/hashtag\/Oaxaca?src=hash&amp;ref_src=twsrc%5Etfw\">#Oaxaca<\/a> para enfrentar la pandemia por Covid-19. <a href=\"https:\/\/t.co\/vRy6jdxM9E\">pic.twitter.com\/vRy6jdxM9E<\/a><\/p>&mdash; Zona Roja Oaxaca (@MexRoja) <a href=\"https:\/\/twitter.com\/MexRoja\/status\/1305229425550807046?ref_src=twsrc%5Etfw\">13 de septiembre de 2020<\/a><\/blockquote><\/div>\n<\/div><\/figure>\n\n\n\n<p>Ella particip\u00f3 hoy a la conferencia de prensa de trabajadores del IMSS del r\u00e9gimen Bienestar, efectuada en la capital oaxaque\u00f1a, y que denunciaron que al menos 60 de ellos fueron cesados desde hace casi dos meses.<\/p>\n\n\n\n<p>Los inconformes expusieron que la mayor\u00eda ha laborado por m\u00e1s de cinco a\u00f1os, cubriendo unidades rurales en zonas alejadas de centros urbanos, donde incluso el personal de servicio como pasante no quiere acudir.<\/p>\n\n\n\n<p>\u201cEstamos en el segundo mes de que no tenemos empleo; fuimos retirados de nuestras fuentes de trabajo y no estamos laborando; es lamentable que en uno de los estados con d\u00e9ficit en materia de salud y en plena pandemia haya lugares donde no haya presencia de m\u00e9dicos, pero estemos desempleados\u201d, dijo el doctor Ren\u00e9 Navarro Espinosa.<\/p>\n\n\n\n<p>Pidi\u00f3 que se tome en cuenta a los trabajadores del sector salud que est\u00e1 desempleado; \u201ccuando nos comunicamos con personas responsables de la contrataci\u00f3n, simplemente nos dicen que no hay autorizaci\u00f3n para que regresemos a nuestro trabajo\u201d, expuso.<\/p>\n\n\n\n<figure class=\"wp-block-embed-twitter wp-block-embed is-type-rich is-provider-twitter\"><div class=\"wp-block-embed__wrapper\">\n<div class=\"twitter-tweet\"><blockquote class=\"twitter-tweet\" data-lang=\"es\"><p lang=\"es\" dir=\"ltr\"><a href=\"https:\/\/twitter.com\/hashtag\/ENVIVO?src=hash&amp;ref_src=twsrc%5Etfw\">#ENVIVO<\/a><br>Oaxaca de Ju\u00e1rez, Oax., 13 de septiembre de 2020.- Conferencia de prensa de trabajadores del <a href=\"https:\/\/twitter.com\/Tu_IMSS?ref_src=twsrc%5Etfw\">@Tu_IMSS<\/a> Bienestar Oaxaca, que denuncian 69 despidos.<br><br>Aqu\u00ed la transmisi\u00f3n:<a href=\"https:\/\/t.co\/ZnbSPmFoFb\">https:\/\/t.co\/ZnbSPmFoFb<\/a> <a href=\"https:\/\/t.co\/hPVj8Ynckw\">pic.twitter.com\/hPVj8Ynckw<\/a><\/p>&mdash; Zona Roja Oaxaca (@MexRoja) <a href=\"https:\/\/twitter.com\/MexRoja\/status\/1305183955486781441?ref_src=twsrc%5Etfw\">13 de septiembre de 2020<\/a><\/blockquote><\/div>\n<\/div><\/figure>\n\n\n\n<p>Demandaron al responsable del programa IMSS Bienestar en Oaxaca, Miguel \u00c1ngel L\u00f3pez Ortiz, que los escuche y atienda, a fin de seguir laborando en apoyo a las familias de m\u00e1s escasos recursos econ\u00f3micos.<\/p>\n\n\n\n<p>A su vez, el doctor Omar Gonz\u00e1lez L\u00f3pez precis\u00f3 que en la zona de la Mixteca son cuatro unidades m\u00e9dicas que carecen de personal; en la Sierra Sur, m\u00e1s de seis unidades y el Istmo cuatro unidades m\u00e9dicas.<\/p>\n\n\n\n<p>\u201cEn todos los nueve hospitales rurales IMSS Bienestar no hay m\u00e9dicos pasantes o no hay suficientes\u201d, a\u00f1adi\u00f3.<\/p>\n\n\n\n<p>Por ello, los desempleados pidieron al Presidente Andr\u00e9s Manuel L\u00f3pez Obrador, al director nacional del IMSS, Zo\u00e9 Robledo, y a Gisela Lara Salda\u00f1a, titular del IMSS Bienestar, que los escuchen y sean recontratados.<\/p>\n","protected":false},"excerpt":{"rendered":"<p>Ismael Garc\u00eda M.\/Zona Roja. Oaxaca de Ju\u00e1rez, Oax., 13 de septiembre de 2020.- Lleva m\u00e1s&hellip;<\/p>\n","protected":false},"author":2,"featured_media":17553,"comment_status":"closed","ping_status":"open","sticky":false,"template":"","format":"standard","meta":{"_lmt_disableupdate":"","_lmt_disable":"","_jetpack_memberships_contains_paid_content":false,"footnotes":""},"categories":[109,47],"tags":[2006],"class_list":["post-17552","post","type-post","status-publish","format-standard","has-post-thumbnail","hentry","category-minuto-a-minuto","category-zona-gris","tag-imss-bienestar-oaxaca"],"jetpack_featured_media_url":"https:\/\/zonaroja.com.mx\/wp-content\/uploads\/2020\/09\/Conferencia-trabajadores-IMSS-Bienestar.png","jetpack_sharing_enabled":true,"_links":{"self":[{"href":"https:\/\/zonaroja.com.mx\/index.php?rest_route=\/wp\/v2\/posts\/17552","targetHints":{"allow":["GET"]}}],"collection":[{"href":"https:\/\/zonaroja.com.mx\/index.php?rest_route=\/wp\/v2\/posts"}],"about":[{"href":"https:\/\/zonaroja.com.mx\/index.php?rest_route=\/wp\/v2\/types\/post"}],"author":[{"embeddable":true,"href":"https:\/\/zonaroja.com.mx\/index.php?rest_route=\/wp\/v2\/users\/2"}],"replies":[{"embeddable":true,"href":"https:\/\/zonaroja.com.mx\/index.php?rest_route=%2Fwp%2Fv2%2Fcomments&post=17552"}],"version-history":[{"count":2,"href":"https:\/\/zonaroja.com.mx\/index.php?rest_route=\/wp\/v2\/posts\/17552\/revisions"}],"predecessor-version":[{"id":17556,"href":"https:\/\/zonaroja.com.mx\/index.php?rest_route=\/wp\/v2\/posts\/17552\/revisions\/17556"}],"wp:featuredmedia":[{"embeddable":true,"href":"https:\/\/zonaroja.com.mx\/index.php?rest_route=\/wp\/v2\/media\/17553"}],"wp:attachment":[{"href":"https:\/\/zonaroja.com.mx\/index.php?rest_route=%2Fwp%2Fv2%2Fmedia&parent=17552"}],"wp:term":[{"taxonomy":"category","embeddable":true,"href":"https:\/\/zonaroja.com.mx\/index.php?rest_route=%2Fwp%2Fv2%2Fcategories&post=17552"},{"taxonomy":"post_tag","embeddable":true,"href":"https:\/\/zonaroja.com.mx\/index.php?rest_route=%2Fwp%2Fv2%2Ftags&post=17552"}],"curies":[{"name":"wp","href":"https:\/\/api.w.org\/{rel}","templated":true}]}}