{"id":17557,"date":"2020-09-13T15:00:28","date_gmt":"2020-09-13T20:00:28","guid":{"rendered":"http:\/\/www.zonaroja.com.mx\/?p=17557"},"modified":"2020-09-13T15:00:33","modified_gmt":"2020-09-13T20:00:33","slug":"diputados-piden-a-sapao-rehabilitacion-del-alcantarillado-danado-por-lluvias","status":"publish","type":"post","link":"https:\/\/zonaroja.com.mx\/?p=17557","title":{"rendered":"Diputados piden a SAPAO rehabilitaci\u00f3n del alcantarillado da\u00f1ado por lluvias"},"content":{"rendered":"\n<p>Yuridiana Sosa\/Zona Roja.<\/p>\n\n\n\n<p>Oaxaca de Ju\u00e1rez, Oax., 13 de septiembre de 2020.- Frente a las incontables inundaciones en colonias y avenidas importantes de la zona metropolitana por la temporada de lluvias, la 64 Legislatura de Oaxaca aprob\u00f3 un exhorto para que Servicios de Agua Potable y Alcantarillado de Oaxaca (SAPO) rehabilite el alcantarillado del \u00e1rea mencionada.<\/p>\n\n\n\n<p>A trav\u00e9s de la propuesta de las Comisiones Permanentes Unidas de Agua y Saneamiento y de Salud, el pleno del Congreso local aprob\u00f3 el acuerdo para pedir a la titular de la direcci\u00f3n general del organismo operador p\u00fablico, Laura Vignon Carre\u00f1o, que atiende el problema.<\/p>\n\n\n\n<p>Cada temporal de lluvias o ante un intenso fen\u00f3meno meteorol\u00f3gico la poblaci\u00f3n que habita en la capital del estado y municipios conurbado, del \u00e1rea metropolitana, son v\u00edctimas de anegaciones en las calles principales, lo que en constantes ocasiones impide el tr\u00e1nsito peatonal y vehicular, adem\u00e1s del ingreso de agua pluviales y negras en los domicilios particulares.<\/p>\n\n\n\n<p>Los legisladores demandaron que en el \u00e1mbito de sus competencias, SAPAO realice a la brevedad las acciones necesarias para brindar atenci\u00f3n y rehabilitaci\u00f3n al servicio de alcantarillado, lo cual se convierte en una atenci\u00f3n indispensable en medio de la pandemia con el fin de evitar otras infecciones.<\/p>\n\n\n\n<p>En la semana que termin\u00f3 se registraron al menos dos lluvias fuertes, que adem\u00e1s de derribar \u00e1rboles, dejaron al descubierto las fallas en el sistema de drenaje, que colaps\u00f3 y provoc\u00f3 anegaciones y encharcamientos en la capital y zona conurbada.<\/p>\n","protected":false},"excerpt":{"rendered":"<p>Yuridiana Sosa\/Zona Roja. Oaxaca de Ju\u00e1rez, Oax., 13 de septiembre de 2020.- Frente a las&hellip;<\/p>\n","protected":false},"author":2,"featured_media":17558,"comment_status":"closed","ping_status":"open","sticky":false,"template":"","format":"standard","meta":{"_lmt_disableupdate":"","_lmt_disable":"","_jetpack_memberships_contains_paid_content":false,"footnotes":""},"categories":[109,47],"tags":[2011],"class_list":["post-17557","post","type-post","status-publish","format-standard","has-post-thumbnail","hentry","category-minuto-a-minuto","category-zona-gris","tag-servicios-de-agua-potable-y-alcantarillado-de-oaxaca-sapao"],"jetpack_featured_media_url":"https:\/\/zonaroja.com.mx\/wp-content\/uploads\/2020\/09\/Inundaciones-SAPAO.jpg","jetpack_sharing_enabled":true,"_links":{"self":[{"href":"https:\/\/zonaroja.com.mx\/index.php?rest_route=\/wp\/v2\/posts\/17557","targetHints":{"allow":["GET"]}}],"collection":[{"href":"https:\/\/zonaroja.com.mx\/index.php?rest_route=\/wp\/v2\/posts"}],"about":[{"href":"https:\/\/zonaroja.com.mx\/index.php?rest_route=\/wp\/v2\/types\/post"}],"author":[{"embeddable":true,"href":"https:\/\/zonaroja.com.mx\/index.php?rest_route=\/wp\/v2\/users\/2"}],"replies":[{"embeddable":true,"href":"https:\/\/zonaroja.com.mx\/index.php?rest_route=%2Fwp%2Fv2%2Fcomments&post=17557"}],"version-history":[{"count":1,"href":"https:\/\/zonaroja.com.mx\/index.php?rest_route=\/wp\/v2\/posts\/17557\/revisions"}],"predecessor-version":[{"id":17559,"href":"https:\/\/zonaroja.com.mx\/index.php?rest_route=\/wp\/v2\/posts\/17557\/revisions\/17559"}],"wp:featuredmedia":[{"embeddable":true,"href":"https:\/\/zonaroja.com.mx\/index.php?rest_route=\/wp\/v2\/media\/17558"}],"wp:attachment":[{"href":"https:\/\/zonaroja.com.mx\/index.php?rest_route=%2Fwp%2Fv2%2Fmedia&parent=17557"}],"wp:term":[{"taxonomy":"category","embeddable":true,"href":"https:\/\/zonaroja.com.mx\/index.php?rest_route=%2Fwp%2Fv2%2Fcategories&post=17557"},{"taxonomy":"post_tag","embeddable":true,"href":"https:\/\/zonaroja.com.mx\/index.php?rest_route=%2Fwp%2Fv2%2Ftags&post=17557"}],"curies":[{"name":"wp","href":"https:\/\/api.w.org\/{rel}","templated":true}]}}