{"id":17569,"date":"2020-09-14T08:00:00","date_gmt":"2020-09-14T13:00:00","guid":{"rendered":"http:\/\/www.zonaroja.com.mx\/?p=17569"},"modified":"2020-09-14T09:44:02","modified_gmt":"2020-09-14T14:44:02","slug":"el-fracaso-de-oaxaca-ante-la-pandemia-por-covid","status":"publish","type":"post","link":"https:\/\/zonaroja.com.mx\/?p=17569","title":{"rendered":"El fracaso de Oaxaca ante la pandemia por Covid"},"content":{"rendered":"\n<p>Ismael Garc\u00eda M.\/Zona Roja.<\/p>\n\n\n\n<p>Oaxaca de Ju\u00e1rez, Oax., 14 de septiembre de 2020.- Una senadora, Susana Harp, responsable de las acciones federales de la pandemia en Oaxaca, interesada m\u00e1s en asuntos proselitistas de Morena, al igual que el edil de la capital, y un gobernador en plena campa\u00f1a por el interior del estado, es el reflejo del desd\u00e9n a la lucha para aminorar los da\u00f1os por la pandemia de Covid-19.<\/p>\n\n\n\n<p>Se suma tambi\u00e9n un titular de los Servicios de Salud que ya inici\u00f3 recorridos por el interior del estado, principalmente en la regi\u00f3n Valles Centrales, presuntamente con fines proselitistas.<\/p>\n\n\n\n<p>El resultado: casi seis meses despu\u00e9s de los primeros casos del nuevo coronavirus en la entidad, registrados el 22 de marzo, no se ve una estrategia espec\u00edfica por parte del gobierno federal y de los Servicios de Salud en la entidad.<\/p>\n\n\n\n<p>S\u00ed se ve, en cambio, un resultado negativo: un retroceso de sem\u00e1foro naranja a rojo y un retorno de sem\u00e1foro amarillo a naranja, ante el mal manejo de la pandemia.<\/p>\n\n\n\n<p>El maquillaje en las cifras destaca tambi\u00e9n y de manera oficial se difunde que hasta el domingo por la noche, eran ya mil 359 personas fallecidas y 14 mil 903 personas contagiadas.<\/p>\n\n\n\n<p>No obstante, hay un subregistro en la mayor\u00eda de los municipios con altos \u00edndices, como expusieron medios informativos de la Cuenca y del Istmo.<\/p>\n\n\n\n<p>Por ejemplo, a principios de agosto, \u201cEl Universal\u201d Oaxaca inform\u00f3 de 130 muertes por Covid en Juchit\u00e1n, cuando las cifras de los Servicios de Salud apenas reportaban 31.<\/p>\n\n\n\n<p>La batalla a medio a\u00f1o, est\u00e1 a punto de la derrota total, porque ni siquiera el denominado \u201cReto 40\u201d de uso obligatorio de cubrebocas funcion\u00f3, pues mares de gente se han visto por la calle, en cualquier color de sem\u00e1foro epidemiol\u00f3gico, y una muestra m\u00e1s es el registro, este domingo, de 177 casos positivos a Covid.<\/p>\n\n\n\n<p>\u00bfPruebas de detecci\u00f3n del nuevo virus? A su m\u00ednima capacidad, denuncian trabajadores sindicalizados. <\/p>\n\n\n\n<p>ACTOS MASIVOS<\/p>\n\n\n\n<p>Desde\u00f1ando sus propias declaraciones, el gobernador Alejandro Murat ha mantenido una intensa agenda de reuniones masivas, aunque diga que son a sana distancia, lo cual contradicen videos y fotograf\u00edas.<\/p>\n\n\n\n<p>La semana que culmin\u00f3, por ejemplo, estuvo en San Juan Bautista Valle Nacional, en Asunci\u00f3n Ixtaltepec y en Ciudad Ixtepec; la semana anterior a esta citada, acudi\u00f3 a Santa Mar\u00eda Tlahuitoltepec, a Huajuapan de Le\u00f3n y a la Ciudad de M\u00e9xico; en todos, excepto en este \u00faltimo, no se cuid\u00f3 la sana distancia.<\/p>\n\n\n\n<p>Por el contrario, el mandatario abraz\u00f3 a varias personas, se tom\u00f3 fotograf\u00edas, acudi\u00f3 a restaurantes a promocionar la gastronom\u00eda y a degustarla.<\/p>\n\n\n\n<p>A su vez, la responsable federal de la lucha contra la pandemia, Susana Harp, estuvo dos meses al frente del cargo; luego regres\u00f3 al Senado tras pedir licencia temporal y desde ah\u00ed ahora coordina las actividades sanitarias.<\/p>\n\n\n\n<p>Pero el s\u00e1bado, no perdi\u00f3 el tiempo para acudir a un acto masivo con el aspirante a la dirigencia nacional de Morena, Mario Delgado, y todav\u00eda dijo a un medio informativo que la epidemia iba a la baja.<\/p>\n\n\n\n<p>En el caso del titular de los Servicios de Salud, Donato Casas Escamilla, es notorio que sus principales actividades y apoyos se han centrado en municipios de la regi\u00f3n Valles Centrales, por ejemplo su natal Ejutla de Crespo, donde envi\u00f3 incluso una caravana de la salud, adem\u00e1s de acudir personalmente.<\/p>\n\n\n\n<p>Tambi\u00e9n visit\u00f3 San Pablo Huitzo, donde supervis\u00f3 una cl\u00ednica; esta semana, su agenda de trabajo contempla otras giras de trabajo.<\/p>\n\n\n\n<p>\u00bfA D\u00d3NDE VAMOS?<\/p>\n\n\n\n<p>Este domingo 13, el gobernador emiti\u00f3 su mensaje semanal n\u00famero 19, pero en esta ocasi\u00f3n sin anunciar nuevas medidas de sanidad m\u00e1s que las comunes; ya no habl\u00f3 del \u201cReto 40 d\u00edas\u201d, quiz\u00e1 por el fracaso que tuvo; tampoco inform\u00f3 qu\u00e9 ha pasado con los municipios se\u00f1alados por alto n\u00famero de contagios, entre ellos la ciudad de Oaxaca, cuyo edil, Oswaldo Garc\u00eda Jarqu\u00edn, est\u00e1 m\u00e1s preocupado en acudir a actos proselitistas de Morena y por su futuro pol\u00edtico, que en su trabajo.<\/p>\n\n\n\n<p>Los trabajadores del sector, de base y de confianza, cada vez est\u00e1n m\u00e1s irritados por el insuficiente apoyo de protecci\u00f3n ante el virus y ya preparan nuevas movilizaciones y protestas.<\/p>\n\n\n\n<p>Por ejemplo, desde el inicio del Covid en Oaxaca hasta el 12 de septiembre, se han registrado 721 m\u00e9dicos, 952 enfermeras y 679 administrativos del \u00e1rea m\u00e9dica contagiados, as\u00ed como al menos 50 fallecidos, por escasa protecci\u00f3n en cl\u00ednicas y hospitales.<\/p>\n\n\n\n<p>De acuerdo con fuentes internas de los Servicios de Salud, en breve ser\u00e1 renunciado Donato Casas, ante el fracaso para enfrentar la pandemia y tambi\u00e9n el desd\u00e9n por las inconformidades del gremio m\u00e9dico; tan s\u00f3lo la semana pasada, tres sindicatos se movilizaron y se apoderaron oficinas.<\/p>\n\n\n\n<p>\u00bfQui\u00e9n su reemplazo?, muy probablemente Juan Carlos M\u00e1rquez, que desde su cargo de subsecretario, ya se alista para tomar posesi\u00f3n, al argumentar que es m\u00e9dico de profesi\u00f3n y se requiere de un conocedor del sector salud para frenar la pandemia.<\/p>\n\n\n\n<p>As\u00ed pues, los d\u00edas de Donato Casas est\u00e1n contados\u2026 aunque por ahora esa salida no resolver\u00e1 el grave problema que sigue siendo el Covid.<\/p>\n","protected":false},"excerpt":{"rendered":"<p>Ismael Garc\u00eda M.\/Zona Roja. Oaxaca de Ju\u00e1rez, Oax., 14 de septiembre de 2020.- Una senadora,&hellip;<\/p>\n","protected":false},"author":2,"featured_media":7610,"comment_status":"closed","ping_status":"open","sticky":false,"template":"","format":"standard","meta":{"_lmt_disableupdate":"","_lmt_disable":"","_jetpack_memberships_contains_paid_content":false,"footnotes":""},"categories":[456,109,48],"tags":[1353],"class_list":["post-17569","post","type-post","status-publish","format-standard","has-post-thumbnail","hentry","category-columna","category-minuto-a-minuto","category-zona-critica","tag-opinion-zona-critica"],"jetpack_featured_media_url":"https:\/\/zonaroja.com.mx\/wp-content\/uploads\/2020\/01\/Opini\u00f3n-Zona-Cr\u00edtica.jpg","jetpack_sharing_enabled":true,"_links":{"self":[{"href":"https:\/\/zonaroja.com.mx\/index.php?rest_route=\/wp\/v2\/posts\/17569","targetHints":{"allow":["GET"]}}],"collection":[{"href":"https:\/\/zonaroja.com.mx\/index.php?rest_route=\/wp\/v2\/posts"}],"about":[{"href":"https:\/\/zonaroja.com.mx\/index.php?rest_route=\/wp\/v2\/types\/post"}],"author":[{"embeddable":true,"href":"https:\/\/zonaroja.com.mx\/index.php?rest_route=\/wp\/v2\/users\/2"}],"replies":[{"embeddable":true,"href":"https:\/\/zonaroja.com.mx\/index.php?rest_route=%2Fwp%2Fv2%2Fcomments&post=17569"}],"version-history":[{"count":2,"href":"https:\/\/zonaroja.com.mx\/index.php?rest_route=\/wp\/v2\/posts\/17569\/revisions"}],"predecessor-version":[{"id":17584,"href":"https:\/\/zonaroja.com.mx\/index.php?rest_route=\/wp\/v2\/posts\/17569\/revisions\/17584"}],"wp:featuredmedia":[{"embeddable":true,"href":"https:\/\/zonaroja.com.mx\/index.php?rest_route=\/wp\/v2\/media\/7610"}],"wp:attachment":[{"href":"https:\/\/zonaroja.com.mx\/index.php?rest_route=%2Fwp%2Fv2%2Fmedia&parent=17569"}],"wp:term":[{"taxonomy":"category","embeddable":true,"href":"https:\/\/zonaroja.com.mx\/index.php?rest_route=%2Fwp%2Fv2%2Fcategories&post=17569"},{"taxonomy":"post_tag","embeddable":true,"href":"https:\/\/zonaroja.com.mx\/index.php?rest_route=%2Fwp%2Fv2%2Ftags&post=17569"}],"curies":[{"name":"wp","href":"https:\/\/api.w.org\/{rel}","templated":true}]}}