{"id":17571,"date":"2020-09-13T21:49:24","date_gmt":"2020-09-14T02:49:24","guid":{"rendered":"http:\/\/www.zonaroja.com.mx\/?p=17571"},"modified":"2020-09-13T21:49:28","modified_gmt":"2020-09-14T02:49:28","slug":"sin-nuevas-estrategias-de-contencion-retorna-oaxaca-al-semaforo-naranja","status":"publish","type":"post","link":"https:\/\/zonaroja.com.mx\/?p=17571","title":{"rendered":"Sin nuevas estrategias de contenci\u00f3n, retorna Oaxaca al sem\u00e1foro naranja"},"content":{"rendered":"\n<p>Redacci\u00f3n\/Zona Roja.<\/p>\n\n\n\n<p>Oaxaca de Ju\u00e1rez, Oax., 13 de septiembre de 2020.- Sin nuevas estrategias para frenar la pandemia del Covid-19, este lunes Oaxaca retrocede al sem\u00e1foro epidemiol\u00f3gico naranja, que significa alto riesgo de contagio.<\/p>\n\n\n\n<p>En un mensaje videograbado, el gobernador Alejandro Murat Hinojosa confirm\u00f3 esta noche que se mantendr\u00e1n las medidas de sana distancia, el uso de cubrebocas y el lavado frecuente de manos, pero no se repetir\u00e1 el \u201cReto 40 d\u00edas por Oaxaca\u201d.<\/p>\n\n\n\n<p>Tampoco precis\u00f3 si las actividades comerciales se volver\u00e1n a suspender; tapoco el cierre de mercados o espacios deportivos p\u00fablicos, estos \u00faltimos que se abrieron hace ocho d\u00edas.<\/p>\n\n\n\n<p>En cambio, presumi\u00f3 que se logr\u00f3 reducir 35 por ciento el promedio semanal de contagios diarios por Covid-19, y 36 por ciento el n\u00famero de personas hospitalizadas.<\/p>\n\n\n\n<p>De acuerdo con un comunicado, se\u00f1al\u00f3 que se reforzar\u00e1n los cuidados durante este mes principalmente en los municipios de Santa Cruz Xoxocotl\u00e1n, Santo Domingo Tehuantepec, San Juan Bautista Tuxtepec, San Pedro Mixtepec, la Heroica Ciudad de Tlaxiaco y Santa Mar\u00eda Guelac\u00e9, con la aplicaci\u00f3n de pruebas r\u00e1pidas, informando a la poblaci\u00f3n, repartiendo cubrebocas y gel desinfectante a base de alcohol para frenar la propagaci\u00f3n del virus.<\/p>\n\n\n\n<p>Y a unos d\u00edas de celebrar las fiestas patrias, el titular del Poder Ejecutivo invit\u00f3 a los oaxaque\u00f1os a conmemorar la Independencia de M\u00e9xico de una forma distinta. \u201cEn este Mes Patrio, quiero hacer una reflexi\u00f3n con ustedes, decirles que cuidar de nuestra salud es una excelente manera de demostrar nuestro amor por M\u00e9xico, porque cuidando de nuestra salud y la de los dem\u00e1s, ayudamos a que M\u00e9xico sea un pa\u00eds cada vez m\u00e1s pr\u00f3spero\u201d.<\/p>\n\n\n\n<p>Se\u00f1al\u00f3 que se debe continuar haciendo esfuerzos para evitar contagiarnos, es por ello que la Corporaci\u00f3n Oaxaque\u00f1a de Radio y Televisi\u00f3n (Cortv) transmitir\u00e1 un programa especial, para que desde los hogares oaxaque\u00f1os se pueda gritar fuerte: \u201c\u00a1Viva M\u00e9xico y viva Oaxaca!\u201d.<\/p>\n\n\n\n<figure class=\"wp-block-embed-twitter wp-block-embed is-type-rich is-provider-twitter\"><div class=\"wp-block-embed__wrapper\">\n<div class=\"twitter-tweet\"><blockquote class=\"twitter-tweet\" data-lang=\"es\"><p lang=\"es\" dir=\"ltr\">En estas Fiestas Patrias, es importante cuidar de nuestra salud y la de los dem\u00e1s, ya que es una excelente manera de demostrar nuestro amor por M\u00e9xico; el uso de cubrebocas se mantiene obligatorio. El Sem\u00e1foro Epidemiol\u00f3gico nos exige no bajar la guardia. <a href=\"https:\/\/t.co\/zmej1QHdxy\">pic.twitter.com\/zmej1QHdxy<\/a><\/p>&mdash; Alejandro Murat (@alejandromurat) <a href=\"https:\/\/twitter.com\/alejandromurat\/status\/1305296509207019521?ref_src=twsrc%5Etfw\">14 de septiembre de 2020<\/a><\/blockquote><\/div>\n<\/div><\/figure>\n\n\n\n<p>ALTO N\u00daMERO DE CONTAGIO<\/p>\n\n\n\n<p>Por otra parte, de acuerdo con los Servicios de Salud de Oaxaca (SSO), hasta este domingo 13 de septiembre se han registrado 177 contagios nuevos de Covid-19 en 45 municipios, sumando 14 mil 903 casos acumulados en la entidad.<\/p>\n\n\n\n<p>La dependencia a\u00f1adi\u00f3 que se han notificado 22 mil 151 casos, de los cuales seis mil 573 han sido negativos, 675 son sospechosos en espera de resultados por laboratorio, 12 mil 940 se han recuperado, y sin registro de alguna defunci\u00f3n, por lo que se mantiene el acumulado en este rubro en mil 359.<\/p>\n\n\n\n<p>Sostuvo que la Jurisdicci\u00f3n Sanitaria n\u00famero uno Valles Centrales contabiliza 9 mil 920 casos confirmados y 649 defunciones, Tuxtepec mil 637 y 237 decesos, Istmo mil 520 y 268 muertes, Mixteca 933 y 91 fallecimientos, Costa 642 y 73 defunciones y la Sierra 251 y 41 decesos.<\/p>\n\n\n\n<p>Dijo que los 177 casos nuevos que se registraron hoy, se distribuyen en 45 municipios, siendo el que mayor n\u00famero de casos registr\u00f3: Oaxaca de Ju\u00e1rez con 57, Santa Cruz Xoxocotl\u00e1n 15, Huajuapan de Le\u00f3n con 10, Barrio de la Soledad nueve, Santa Luc\u00eda del Camino siete, Villa de Zaachila y San Sebasti\u00e1n Tutla seis cada uno, Salina Cruz cuatro; el resto tres, dos y un solo caso.<\/p>\n\n\n\n<p>Resalt\u00f3 que de los 604 casos activos, la Jurisdicci\u00f3n Sanitaria n\u00famero uno Valles Centrales contabiliza 488, Mixteca 53, Istmo 22, Costa 21, Sierra 11 y Tuxtepec nueve.<\/p>\n\n\n\n<p>De su lado, el secretario Donato Casas Escamilla dijo que a partir de este lunes 14 de septiembre, Oaxaca regresa al sem\u00e1foro naranja, por lo que \u201cno debemos confiarnos y continuar con las acciones preventivas como el uso correcto del cubrebocas, lavado de manos con agua y jab\u00f3n y sana distancia en espacios p\u00fablicos y cerrados\u201d.<\/p>\n\n\n\n<figure class=\"wp-block-embed-twitter wp-block-embed is-type-rich is-provider-twitter\"><div class=\"wp-block-embed__wrapper\">\n<div class=\"twitter-tweet\"><blockquote class=\"twitter-tweet\" data-lang=\"es\"><p lang=\"es\" dir=\"ltr\">Cuidemos la <a href=\"https:\/\/twitter.com\/hashtag\/Salud?src=hash&amp;ref_src=twsrc%5Etfw\">#Salud<\/a> de nuestras familias, mantengamos las medidas de prevenci\u00f3n contra el <a href=\"https:\/\/twitter.com\/hashtag\/COVID19?src=hash&amp;ref_src=twsrc%5Etfw\">#COVID19<\/a>: uso obligatorio de <a href=\"https:\/\/twitter.com\/hashtag\/Cubrebocas?src=hash&amp;ref_src=twsrc%5Etfw\">#Cubrebocas<\/a> en espacios p\u00fablicos, <a href=\"https:\/\/twitter.com\/hashtag\/LavadoDeManos?src=hash&amp;ref_src=twsrc%5Etfw\">#LavadoDeManos<\/a> frecuente y mantener una <a href=\"https:\/\/twitter.com\/hashtag\/SanaDistancia?src=hash&amp;ref_src=twsrc%5Etfw\">#SanaDistancia<\/a>. <a href=\"https:\/\/t.co\/Yai0Avrj8c\">pic.twitter.com\/Yai0Avrj8c<\/a><\/p>&mdash; Servicios de Salud (@SSO_GobOax) <a href=\"https:\/\/twitter.com\/SSO_GobOax\/status\/1305309760925958144?ref_src=twsrc%5Etfw\">14 de septiembre de 2020<\/a><\/blockquote><\/div>\n<\/div><\/figure>\n","protected":false},"excerpt":{"rendered":"<p>Redacci\u00f3n\/Zona Roja. Oaxaca de Ju\u00e1rez, Oax., 13 de septiembre de 2020.- Sin nuevas estrategias para&hellip;<\/p>\n","protected":false},"author":2,"featured_media":17572,"comment_status":"closed","ping_status":"open","sticky":false,"template":"","format":"standard","meta":{"_lmt_disableupdate":"","_lmt_disable":"","_jetpack_memberships_contains_paid_content":false,"footnotes":""},"categories":[109,47],"tags":[1512],"class_list":["post-17571","post","type-post","status-publish","format-standard","has-post-thumbnail","hentry","category-minuto-a-minuto","category-zona-gris","tag-coronavirus-oaxaca"],"jetpack_featured_media_url":"https:\/\/zonaroja.com.mx\/wp-content\/uploads\/2020\/09\/SSO-2-1.jpeg","jetpack_sharing_enabled":true,"_links":{"self":[{"href":"https:\/\/zonaroja.com.mx\/index.php?rest_route=\/wp\/v2\/posts\/17571","targetHints":{"allow":["GET"]}}],"collection":[{"href":"https:\/\/zonaroja.com.mx\/index.php?rest_route=\/wp\/v2\/posts"}],"about":[{"href":"https:\/\/zonaroja.com.mx\/index.php?rest_route=\/wp\/v2\/types\/post"}],"author":[{"embeddable":true,"href":"https:\/\/zonaroja.com.mx\/index.php?rest_route=\/wp\/v2\/users\/2"}],"replies":[{"embeddable":true,"href":"https:\/\/zonaroja.com.mx\/index.php?rest_route=%2Fwp%2Fv2%2Fcomments&post=17571"}],"version-history":[{"count":1,"href":"https:\/\/zonaroja.com.mx\/index.php?rest_route=\/wp\/v2\/posts\/17571\/revisions"}],"predecessor-version":[{"id":17573,"href":"https:\/\/zonaroja.com.mx\/index.php?rest_route=\/wp\/v2\/posts\/17571\/revisions\/17573"}],"wp:featuredmedia":[{"embeddable":true,"href":"https:\/\/zonaroja.com.mx\/index.php?rest_route=\/wp\/v2\/media\/17572"}],"wp:attachment":[{"href":"https:\/\/zonaroja.com.mx\/index.php?rest_route=%2Fwp%2Fv2%2Fmedia&parent=17571"}],"wp:term":[{"taxonomy":"category","embeddable":true,"href":"https:\/\/zonaroja.com.mx\/index.php?rest_route=%2Fwp%2Fv2%2Fcategories&post=17571"},{"taxonomy":"post_tag","embeddable":true,"href":"https:\/\/zonaroja.com.mx\/index.php?rest_route=%2Fwp%2Fv2%2Ftags&post=17571"}],"curies":[{"name":"wp","href":"https:\/\/api.w.org\/{rel}","templated":true}]}}