{"id":17574,"date":"2020-09-14T08:00:30","date_gmt":"2020-09-14T13:00:30","guid":{"rendered":"http:\/\/www.zonaroja.com.mx\/?p=17574"},"modified":"2020-09-13T21:57:21","modified_gmt":"2020-09-14T02:57:21","slug":"fracaso-de-semaforo-amarillo-por-insuficiencia-de-pruebas-covid-seccion-35-sntsa","status":"publish","type":"post","link":"https:\/\/zonaroja.com.mx\/?p=17574","title":{"rendered":"Fracaso de sem\u00e1foro amarillo por insuficiencia de pruebas Covid; Secci\u00f3n 35 SNTSA"},"content":{"rendered":"\n<p>Yuridiana Sosa<\/p>\n\n\n\n<p>Oaxaca de Ju\u00e1rez, Oax., 14 de septiembre de 2020.- El retroceso en el sem\u00e1foro epidemiologico por Covid-19 en Oaxaca de amarillo a naranja, es un llamado urgente para que el Gobierno del Estado aplique los recursos federales en el sector salud, pues contin\u00faan sin equipo m\u00e9dico de protecci\u00f3n, insumos, personal y sin pruebas suficientes de Covid-19, antes de retroceder al rojo.<\/p>\n\n\n\n<p>As\u00ed lo se\u00f1al\u00f3 el secretario de Organizaci\u00f3n de la Secci\u00f3n 35 del Sindicato Nacional de Trabajadores de la Secretar\u00eda de Salud, Carlos Alberto P\u00e9rez Bautista, quien indic\u00f3 que el gobierno estatal se adelant\u00f3 en avanzar&nbsp; a sem\u00e1foro amarillo hace dos semanas, con el prop\u00f3sito de reactivar la econom\u00eda en el estado, sin que las cifras de una disminuci\u00f3n de casos fuera real.<\/p>\n\n\n\n<p>Pues, explic\u00f3 a ZONA ROJA, la situaci\u00f3n de una supuesta merma en contagios se debe a que los Servicios de Salud de Oaxaca no cuenta con pruebas suficientes de Covid, por lo que no se est\u00e1n aplicando las necesarias, de un par\u00e1metro de 10 pacientes s\u00f3lo se aplican a tres.<\/p>\n\n\n\n<p>P\u00e9rez Bautista detall\u00f3 que desde hace casi un mes las condiciones para ingresar a la estad\u00edstica a un paciente Covid cambiaron por disposiciones oficiales. Anteriormente las pruebas se aplicaban a seis de cada 10 pacientes que acud\u00edan a un nosocomio con s\u00edntomas sospechosos a Covid.<\/p>\n\n\n\n<p>Dijo que actualmente los m\u00e9dicos s\u00f3lo diagnostican de acuerdo a los s\u00edntomas, pero esos caso no son ingresados a la estad\u00edstica oficial, por lo que en Oaxaca la cifra de contagiados de coronavirus a\u00fan es alta, as\u00ed como al d\u00eda el registro de defunciones, de las cuales tambi\u00e9n cambiaron las disposiciones para calificarlo.<\/p>\n\n\n\n<p>Neg\u00f3 que la ocupaci\u00f3n de camas hospitalarias haya disminuido como presume el Gobierno del Estado. Puntualiz\u00f3 que el Hospital Regional de Alta Especialidad de Oaxaca mantiene una ocupaci\u00f3n total, el de la Mujer y el Ni\u00f1o est\u00e1 al 50 por ciento, mientras que el Hospital Civil \u201cDr. Aurelio Valdivieso\u201d debe referir a los pacientes al de Especialidades, ante la falta de personal m\u00e9dico que imposibilita una atenci\u00f3n especializada.<\/p>\n\n\n\n<p>Ante el reciente cambio del sem\u00e1foro, el dirigente sindical apuesta a que exista un cambio en el oficio que ordena para el pr\u00f3ximo 15 de septiembre el regreso de los trabajadores del sector salud que se ausentaron por la pandemia de sus centros laborales, pues son aproximadamente tres mil 500.<\/p>\n","protected":false},"excerpt":{"rendered":"<p>Yuridiana Sosa Oaxaca de Ju\u00e1rez, Oax., 14 de septiembre de 2020.- El retroceso en el&hellip;<\/p>\n","protected":false},"author":2,"featured_media":17576,"comment_status":"closed","ping_status":"open","sticky":false,"template":"","format":"standard","meta":{"_lmt_disableupdate":"","_lmt_disable":"","_jetpack_memberships_contains_paid_content":false,"footnotes":""},"categories":[109,47],"tags":[1512],"class_list":["post-17574","post","type-post","status-publish","format-standard","has-post-thumbnail","hentry","category-minuto-a-minuto","category-zona-gris","tag-coronavirus-oaxaca"],"jetpack_featured_media_url":"https:\/\/zonaroja.com.mx\/wp-content\/uploads\/2020\/09\/Carlos-Alberto-Perez-Bautista-1.jpg","jetpack_sharing_enabled":true,"_links":{"self":[{"href":"https:\/\/zonaroja.com.mx\/index.php?rest_route=\/wp\/v2\/posts\/17574","targetHints":{"allow":["GET"]}}],"collection":[{"href":"https:\/\/zonaroja.com.mx\/index.php?rest_route=\/wp\/v2\/posts"}],"about":[{"href":"https:\/\/zonaroja.com.mx\/index.php?rest_route=\/wp\/v2\/types\/post"}],"author":[{"embeddable":true,"href":"https:\/\/zonaroja.com.mx\/index.php?rest_route=\/wp\/v2\/users\/2"}],"replies":[{"embeddable":true,"href":"https:\/\/zonaroja.com.mx\/index.php?rest_route=%2Fwp%2Fv2%2Fcomments&post=17574"}],"version-history":[{"count":1,"href":"https:\/\/zonaroja.com.mx\/index.php?rest_route=\/wp\/v2\/posts\/17574\/revisions"}],"predecessor-version":[{"id":17577,"href":"https:\/\/zonaroja.com.mx\/index.php?rest_route=\/wp\/v2\/posts\/17574\/revisions\/17577"}],"wp:featuredmedia":[{"embeddable":true,"href":"https:\/\/zonaroja.com.mx\/index.php?rest_route=\/wp\/v2\/media\/17576"}],"wp:attachment":[{"href":"https:\/\/zonaroja.com.mx\/index.php?rest_route=%2Fwp%2Fv2%2Fmedia&parent=17574"}],"wp:term":[{"taxonomy":"category","embeddable":true,"href":"https:\/\/zonaroja.com.mx\/index.php?rest_route=%2Fwp%2Fv2%2Fcategories&post=17574"},{"taxonomy":"post_tag","embeddable":true,"href":"https:\/\/zonaroja.com.mx\/index.php?rest_route=%2Fwp%2Fv2%2Ftags&post=17574"}],"curies":[{"name":"wp","href":"https:\/\/api.w.org\/{rel}","templated":true}]}}