{"id":1758,"date":"2019-06-22T11:10:03","date_gmt":"2019-06-22T16:10:03","guid":{"rendered":"http:\/\/www.zonaroja.com.mx\/?p=1758"},"modified":"2019-06-22T09:11:51","modified_gmt":"2019-06-22T14:11:51","slug":"visibles-solo-5-de-casos-de-abuso-sexual-en-oaxaca","status":"publish","type":"post","link":"https:\/\/zonaroja.com.mx\/?p=1758","title":{"rendered":"Visibles, s\u00f3lo 5% de casos de abuso sexual en Oaxaca"},"content":{"rendered":"\n<p>Redacci\u00f3n<\/p>\n\n\n\n<p>Oaxaca de\nJu\u00e1rez, Oax., 22 de junio de 2019.- Oaxaca se encuentra dentro de los nueve\nestados del pa\u00eds con mayor incidencia por maltrato infantil y ocupa la posici\u00f3n\nn\u00famero seis, con el cinco por ciento de las ni\u00f1as, ni\u00f1os y adolescentes\ntrabajadores, seg\u00fan datos de organismos civiles.<\/p>\n\n\n\n<p>Asimismo, con\nlo que respecta al abuso sexual infantil, dependencias del Gobierno del Estado\nhan aceptado que solo son visibles el cinco por ciento de los casos existentes.<\/p>\n\n\n\n<p>Por ello, el\nCongreso del Estado de Oaxaca endureci\u00f3 la pena para quien cometa maltrato\ninfantil<\/p>\n\n\n\n<p>La semana\nque termina, la 64 Legislatura aprob\u00f3 una reforma al art\u00edculo 281 del C\u00f3digo\nPenal del Estado de Oaxaca.<\/p>\n\n\n\n<p>Con ello, a la\npersona que en ejercicio de la tutela o estando encargado de la guarda de un\nmenor lo maltrate f\u00edsica, mental o emocionalmente se le pondr\u00e1n las penas\ncorrespondientes por las lesiones, la cual podr\u00e1 aumentar hasta en cinco a\u00f1os de\nprisi\u00f3n dependiendo de la gravedad de la agresi\u00f3n.<\/p>\n\n\n\n<p>Adem\u00e1s de\nlas sanciones previstas, la persona que agreda a la ni\u00f1a o el ni\u00f1o, perder\u00e1\nderechos relacionadas a la guarda o tutela del menor, a quien el Estado deber\u00e1\notorgar medidas de protecci\u00f3n.<\/p>\n\n\n\n<p>En un\ncomunicado, la diputada por el Partido Morena y promovente de dicha reforma,\nMagaly L\u00f3pez Dom\u00ednguez, explic\u00f3 que las nuevas disposiciones legales se\ndesprenden de disposiciones internacionales que tienen como objetivo la\nprotecci\u00f3n amplia de la integridad de la o el menor de edad.<\/p>\n\n\n\n<p>\u201cLos Estados\ndeben asumir su compromiso en la protecci\u00f3n de ni\u00f1as y ni\u00f1os, adem\u00e1s de brindar\nel cuidado necesario para su bienestar\u201d, se\u00f1al\u00f3.&nbsp; <\/p>\n\n\n\n<p>En los\nargumentos de la reforma aprobada, la tambi\u00e9n presidenta de la Comisi\u00f3n de\nDerechos Humanos en la 64 Legislatura local, precis\u00f3 que la protecci\u00f3n de la\nni\u00f1a o el ni\u00f1o contra toda forma de prejuicio o abuso f\u00edsico o mental; descuido\no trato negligente; explotaci\u00f3n, incluido el abuso sexual, es responsabilidad\ndel Estado, lo cual, se debe evitar a trav\u00e9s de medidas legislativas,\nadministrativas o sociales.<\/p>\n\n\n\n<p>\u201cEsta\nreforma aprobada obliga al Estado a cumplir con su responsabilidad y sancionar\nde manera ejemplar a quien agreda a un ni\u00f1o y una ni\u00f1a; las penas adem\u00e1s de ser\npor la lesi\u00f3n se agravar\u00e1n hasta en cinco a\u00f1os m\u00e1s de c\u00e1rcel, dependiendo de la\ngravedad de la agresi\u00f3n\u201d, apunt\u00f3.&nbsp;&nbsp; <\/p>\n","protected":false},"excerpt":{"rendered":"<p>Redacci\u00f3n Oaxaca de Ju\u00e1rez, Oax., 22 de junio de 2019.- Oaxaca se encuentra dentro de&hellip;<\/p>\n","protected":false},"author":2,"featured_media":1644,"comment_status":"closed","ping_status":"open","sticky":false,"template":"","format":"standard","meta":{"_lmt_disableupdate":"","_lmt_disable":"","_jetpack_memberships_contains_paid_content":false,"footnotes":""},"categories":[109,51],"tags":[192,58],"class_list":["post-1758","post","type-post","status-publish","format-standard","has-post-thumbnail","hentry","category-minuto-a-minuto","category-zona-roja","tag-diputada-magaly-lopez-dominguez","tag-oaxaca"],"jetpack_featured_media_url":"https:\/\/zonaroja.com.mx\/wp-content\/uploads\/2019\/06\/abuso-sexual-ni\u00f1as.jpg","jetpack_sharing_enabled":true,"_links":{"self":[{"href":"https:\/\/zonaroja.com.mx\/index.php?rest_route=\/wp\/v2\/posts\/1758","targetHints":{"allow":["GET"]}}],"collection":[{"href":"https:\/\/zonaroja.com.mx\/index.php?rest_route=\/wp\/v2\/posts"}],"about":[{"href":"https:\/\/zonaroja.com.mx\/index.php?rest_route=\/wp\/v2\/types\/post"}],"author":[{"embeddable":true,"href":"https:\/\/zonaroja.com.mx\/index.php?rest_route=\/wp\/v2\/users\/2"}],"replies":[{"embeddable":true,"href":"https:\/\/zonaroja.com.mx\/index.php?rest_route=%2Fwp%2Fv2%2Fcomments&post=1758"}],"version-history":[{"count":1,"href":"https:\/\/zonaroja.com.mx\/index.php?rest_route=\/wp\/v2\/posts\/1758\/revisions"}],"predecessor-version":[{"id":1759,"href":"https:\/\/zonaroja.com.mx\/index.php?rest_route=\/wp\/v2\/posts\/1758\/revisions\/1759"}],"wp:featuredmedia":[{"embeddable":true,"href":"https:\/\/zonaroja.com.mx\/index.php?rest_route=\/wp\/v2\/media\/1644"}],"wp:attachment":[{"href":"https:\/\/zonaroja.com.mx\/index.php?rest_route=%2Fwp%2Fv2%2Fmedia&parent=1758"}],"wp:term":[{"taxonomy":"category","embeddable":true,"href":"https:\/\/zonaroja.com.mx\/index.php?rest_route=%2Fwp%2Fv2%2Fcategories&post=1758"},{"taxonomy":"post_tag","embeddable":true,"href":"https:\/\/zonaroja.com.mx\/index.php?rest_route=%2Fwp%2Fv2%2Ftags&post=1758"}],"curies":[{"name":"wp","href":"https:\/\/api.w.org\/{rel}","templated":true}]}}