{"id":17589,"date":"2020-09-14T15:50:10","date_gmt":"2020-09-14T20:50:10","guid":{"rendered":"https:\/\/www.zonaroja.com.mx\/?p=17589"},"modified":"2020-09-14T15:50:12","modified_gmt":"2020-09-14T20:50:12","slug":"busca-diputada-que-parteras-tradicionales-puedan-expedir-certificado-de-nacimiento","status":"publish","type":"post","link":"https:\/\/zonaroja.com.mx\/?p=17589","title":{"rendered":"Busca diputada que parteras tradicionales puedan expedir certificado de nacimiento"},"content":{"rendered":"\n<p class=\"MsoNormal\">Redacci\u00f3n\/Zona Roja.&nbsp;<\/p>\n\n\n\n<p class=\"MsoNormal\">Oaxaca de Ju\u00e1rez, Oax.,, 14 de septiembre de 2020.- La diputada local Elisa Zepeda, propuso una iniciativa para adicionar un tercer p\u00e1rrafo al art\u00edculo 260 Bis de la Ley Estatal de Salud, para que no se niegue el certificado de nacimiento cuando el parto haya sido atendido por una partera o partero tradicional que no cuente con registro en una instituci\u00f3n del sector salud, y as\u00ed evitar registros de nacimiento extempor\u00e1neos.&nbsp;<\/p>\n\n\n\n<p class=\"MsoNormal\">La legisladora dijo que al ser Oaxaca un estado diverso en cuanto a pueblos ind\u00edgenas y pr\u00e1cticas tradicionales,&nbsp; los Servicios de Salud han puesto en marcha el Programa de Parteras Tradicionales, mismo que tiene por objeto implementar procesos de capacitaci\u00f3n y certificaci\u00f3n de parteras tradicionales, siendo precisamente este proceso el que da la posibilidad a las parteras y parteros de obtener la autorizaci\u00f3n por parte de la Secretar\u00eda de Salud para atender partos y en consecuencia expedir el certificado de nacimiento.&nbsp;<\/p>\n\n\n\n<p class=\"MsoNormal\">Por otra parte, la legisladora del distrito 04, dio a conocer que ante las condiciones de lejan\u00eda, pobreza y falta de servicios, las mujeres tambi\u00e9n se enfrentan a la resistencia e incluso actos de violencia como rega\u00f1os y malos tratos por parte del personal de los Servicios de Salud que se niegan a expedirles el certificado de nacimiento de sus hijos e hijas cuando estos no nacieron en alguna instituci\u00f3n de salud p\u00fablica o privada, generando con ello una violaci\u00f3n a los derechos humanos de las y los ni\u00f1os.<\/p>\n\n\n\n<p class=\"MsoNormal\">Es importante puntualizar que esta negativa acarrea la problem\u00e1tica de registro extempor\u00e1neo de nacimientos ante las oficial\u00edas del Registro Civil.<\/p>\n\n\n\n<p class=\"MsoNormal\">La diputada manifest\u00f3 que, aunado a ello, las mujeres ind\u00edgenas tienden a sufrir una mayor carga de exclusi\u00f3n y discriminaci\u00f3n de g\u00e9nero, de etnia, y de clase; si a esto sumamos la falta de accesibilidad a servicios de salud de calidad, el problema se ve reflejado en una mayor carga de morbilidad y mortalidad materna en esta poblaci\u00f3n, en comparaci\u00f3n con mujeres en contextos distintos.&nbsp;<\/p>\n\n\n\n<p class=\"MsoNormal\">\u201cAnte esta problem\u00e1tica, propongo adicionar a la Ley Estatal de Salud  la obligatoriedad de las instituciones de salud para expedir el certificado de nacimiento aun cuando las mujeres hayan sido atendidas por parteras o parteros tradicionales que a\u00fan no cuenten con el registro ante la Secretar\u00eda de Salud o que hayan sido auxiliadas por personas que no cuenten con autorizaci\u00f3n para certificar los nacimientos, siendo necesario que dentro de los cuarenta d\u00edas posteriores al parto (periodo de cuarentena), esto considerando el proceso de recuperaci\u00f3n de la mujer y de la o el reci\u00e9n nacido\u201d, finaliz\u00f3. <\/p>\n","protected":false},"excerpt":{"rendered":"<p>Redacci\u00f3n\/Zona Roja.&nbsp; Oaxaca de Ju\u00e1rez, Oax.,, 14 de septiembre de 2020.- La diputada local Elisa&hellip;<\/p>\n","protected":false},"author":2,"featured_media":17588,"comment_status":"closed","ping_status":"open","sticky":false,"template":"","format":"standard","meta":{"_lmt_disableupdate":"","_lmt_disable":"","_jetpack_memberships_contains_paid_content":false,"footnotes":""},"categories":[109,46],"tags":[215],"class_list":["post-17589","post","type-post","status-publish","format-standard","has-post-thumbnail","hentry","category-minuto-a-minuto","category-zona-blanca","tag-elisa-zepeda-lagunas"],"jetpack_featured_media_url":"https:\/\/zonaroja.com.mx\/wp-content\/uploads\/2020\/09\/9e6316a8-e734-4a34-bd72-edb15f984317.jpg","jetpack_sharing_enabled":true,"_links":{"self":[{"href":"https:\/\/zonaroja.com.mx\/index.php?rest_route=\/wp\/v2\/posts\/17589","targetHints":{"allow":["GET"]}}],"collection":[{"href":"https:\/\/zonaroja.com.mx\/index.php?rest_route=\/wp\/v2\/posts"}],"about":[{"href":"https:\/\/zonaroja.com.mx\/index.php?rest_route=\/wp\/v2\/types\/post"}],"author":[{"embeddable":true,"href":"https:\/\/zonaroja.com.mx\/index.php?rest_route=\/wp\/v2\/users\/2"}],"replies":[{"embeddable":true,"href":"https:\/\/zonaroja.com.mx\/index.php?rest_route=%2Fwp%2Fv2%2Fcomments&post=17589"}],"version-history":[{"count":1,"href":"https:\/\/zonaroja.com.mx\/index.php?rest_route=\/wp\/v2\/posts\/17589\/revisions"}],"predecessor-version":[{"id":17590,"href":"https:\/\/zonaroja.com.mx\/index.php?rest_route=\/wp\/v2\/posts\/17589\/revisions\/17590"}],"wp:featuredmedia":[{"embeddable":true,"href":"https:\/\/zonaroja.com.mx\/index.php?rest_route=\/wp\/v2\/media\/17588"}],"wp:attachment":[{"href":"https:\/\/zonaroja.com.mx\/index.php?rest_route=%2Fwp%2Fv2%2Fmedia&parent=17589"}],"wp:term":[{"taxonomy":"category","embeddable":true,"href":"https:\/\/zonaroja.com.mx\/index.php?rest_route=%2Fwp%2Fv2%2Fcategories&post=17589"},{"taxonomy":"post_tag","embeddable":true,"href":"https:\/\/zonaroja.com.mx\/index.php?rest_route=%2Fwp%2Fv2%2Ftags&post=17589"}],"curies":[{"name":"wp","href":"https:\/\/api.w.org\/{rel}","templated":true}]}}