{"id":17595,"date":"2020-09-14T20:53:40","date_gmt":"2020-09-15T01:53:40","guid":{"rendered":"http:\/\/www.zonaroja.com.mx\/?p=17595"},"modified":"2020-09-14T20:53:44","modified_gmt":"2020-09-15T01:53:44","slug":"denuncian-a-ex-administrador-de-san-jose-del-progreso-por-ejercicio-ilicito-del-cargo-y-del-erario","status":"publish","type":"post","link":"https:\/\/zonaroja.com.mx\/?p=17595","title":{"rendered":"Denuncian a ex administrador de San Jos\u00e9 del Progreso por ejercicio il\u00edcito del cargo y del erario"},"content":{"rendered":"\n<p>Yuridiana Sosa\/Evlin Arag\u00f3n\/Zona Roja.<\/p>\n\n\n\n<p>San Jos\u00e9 del Progreso, Oax., 14 de septiembre de 2020.- El pasado 9 de junio, el s\u00edndico municipal de San Jos\u00e9 del Progreso, Ocotl\u00e1n, Bonifacio V\u00edctor Rosario S\u00e1nchez, present\u00f3 una denuncia ante la Fiscal\u00eda General del Estado en contra del ex comisionado municipal Roberto Cabrera Vera, el ex tesorero Esa\u00fa Mijangos y el ex secretario municipal Leobardo L\u00f3pez, por el delito de ejercicio il\u00edcito del servicio p\u00fablico en perjuicio del municipio.<\/p>\n\n\n\n<p>Lo anterior qued\u00f3 asentado en la Carpeta de Investigaci\u00f3n 395(FEMCCO)2020, que sigue su curso.<\/p>\n\n\n\n<p>En tanto, sobre la protesta de un grupo de pobladores de dos agencias, que bloquearon hoy el acceso a la Minera \u201cCuzcatl\u00e1n\u201d, el s\u00edndico indic\u00f3 que el ayuntamiento s\u00f3lo est\u00e1 en posibilidades de aplicar el recurso designado por ley, pero no extras, como exigen.<\/p>\n\n\n\n<p>Y es que autoridades auxiliares de la agencia de El Porvenir y de Maguey Largo demandan recursos p\u00fablicos prometidos desde la administraci\u00f3n del comisionado municipal.<\/p>\n\n\n\n<p>Sin embargo, el s\u00edndico Bonifacio V\u00edctor Rosario S\u00e1nchez, indic\u00f3 que el dinero que piden es una promesa que en su momento realiz\u00f3 el comisionado provisional municipal, Roberto Cabrera Vera, para ganarse la simpat\u00eda de seguidores, pero la autoridad municipal no est\u00e1 en la posibilidad de cubrirla.<\/p>\n\n\n\n<figure class=\"wp-block-embed-twitter wp-block-embed is-type-rich is-provider-twitter\"><div class=\"wp-block-embed__wrapper\">\n<div class=\"twitter-tweet\"><blockquote class=\"twitter-tweet\" data-lang=\"es\"><p lang=\"es\" dir=\"ltr\"><a href=\"https:\/\/twitter.com\/hashtag\/ENVIVO?src=hash&amp;ref_src=twsrc%5Etfw\">#ENVIVO<\/a><br>San Jos\u00e9 del Progreso, Ocotl\u00e1n, Oax., 14 de septiembre de 2020.- La autoridad municipal da a conocer su postura acerca de la inconformidad de dos agentes municipales que hoy bloquearon los accesos a la Minera Cuzcatl\u00e1n.<br>\ud83d\udc47<br>Aqu\u00ed la transmisi\u00f3n. <a href=\"https:\/\/t.co\/jAKRN0Spd2\">https:\/\/t.co\/jAKRN0Spd2<\/a> <a href=\"https:\/\/t.co\/UT39EhPUL6\">pic.twitter.com\/UT39EhPUL6<\/a><\/p>&mdash; Zona Roja Oaxaca (@MexRoja) <a href=\"https:\/\/twitter.com\/MexRoja\/status\/1305577654503067648?ref_src=twsrc%5Etfw\">14 de septiembre de 2020<\/a><\/blockquote><\/div>\n<\/div><\/figure>\n\n\n\n<p>POBLACI\u00d3N DENUNCIA ABUSOS<\/p>\n\n\n\n<p>Por otra parte, habitantes de El Porvenir se\u00f1alaron abusos de las autoridades auxiliares, con cobros, detenciones arbitrarias y promoci\u00f3n de actividades masivas en medio de la pandemia, por lo que la Defensor\u00eda de los Humanos del Pueblo de Oaxaca emiti\u00f3 medidas cautelares y solicit\u00f3 un informe.<\/p>\n\n\n\n<p>Los vecinos de esta comunidad denunciaron ante la Defensor\u00eda y de forma p\u00fablica que el agente de polic\u00eda y sus colaboradores, incluyendo topiles, realizan cobros innecesarios y excesivos por actividades que no se llevan a cabo, o por no acudir a las reuniones, as\u00ed como detenciones por no pagarlas.<\/p>\n\n\n\n<p>Expusieron que exigen pagos de 100 pesos a quienes no acuden a reuniones de asamblea general, a pesar de la contingencia sanitaria por Covid, lo cual tambi\u00e9n pone en riesgo la salud de los pobladores; adem\u00e1s de una cuota fija de 500 pesos para la realizaci\u00f3n de las festividades patronales, que al suspenderse tampoco informaron el destino del dinero.<\/p>\n\n\n\n<p>Tambi\u00e9n establecieron un pago por recargo de 50 pesos por la falta de pago de los conceptos anteriores; mil 500 pesos como multa para obtener la libertad en caso de ser detenidos al no realizar los pagos anteriores; cobro de dos mil pesos por concepto de negativa del servicio a la comunidad en los cargos propuestos.<\/p>\n\n\n\n<p>La situaci\u00f3n ha generado un descontento de la comunidad en general, quienes principalmente se preocupan por la contingencia sanitaria, la cual ha dejado a decenas de habitantes sin trabajo.<\/p>\n\n\n\n<figure class=\"wp-block-embed-twitter wp-block-embed is-type-rich is-provider-twitter\"><div class=\"wp-block-embed__wrapper\">\n<div class=\"twitter-tweet\"><blockquote class=\"twitter-tweet\" data-lang=\"es\"><p lang=\"es\" dir=\"ltr\">(1) Hombres y mujeres de la agencia de El Porvenir, San Jos\u00e9 del Progreso, denunciaron las vejaciones y cobros ilegales que aplica la autoridad auxiliar, una de las cuales, con bloqueo a la minera Cuzcatl\u00e1n, exige mayores recursos presupuestales. <a href=\"https:\/\/t.co\/FlPOTErIf1\">pic.twitter.com\/FlPOTErIf1<\/a><\/p>&mdash; Zona Roja Oaxaca (@MexRoja) <a href=\"https:\/\/twitter.com\/MexRoja\/status\/1305599662624247808?ref_src=twsrc%5Etfw\">14 de septiembre de 2020<\/a><\/blockquote><\/div>\n<\/div><\/figure>\n\n\n\n<p>ACTOS VIOLENTOS<\/p>\n\n\n\n<p>La autoridad municipal actual precis\u00f3 que son las autoridades de la agencia El Porvenir y Maguey Largo, perteneciente al municipio de San Jos\u00e9 del Progreso, las que han actuado de forma violenta en contra de la poblaci\u00f3n a quienes cobran grandes cuotas por no asistir a las asambleas comunitarias.&nbsp;<\/p>\n\n\n\n<p>El s\u00edndico detall\u00f3 que, pese a que ha buscado el di\u00e1logo con los representantes de ambas localidades, estos se han mostrado cerrados y argumentan la falta de recursos econ\u00f3micos que son utilizados para el pago de servicios que se brindan a la poblaci\u00f3n.&nbsp;<\/p>\n\n\n\n<p>Asegur\u00f3 que la \u201ctoma\u201d de la empresa minera Cuzcatl\u00e1n, ubicada en la zona, realizada por pobladores de dos de las cinco agencias municipales, no tiene raz\u00f3n de ser ya que la autoridad se encuentra abierta a escucharles, explicarles el uso del recurso p\u00fablico y su designaci\u00f3n conforme a la ley.&nbsp;<\/p>\n","protected":false},"excerpt":{"rendered":"<p>Yuridiana Sosa\/Evlin Arag\u00f3n\/Zona Roja. San Jos\u00e9 del Progreso, Oax., 14 de septiembre de 2020.- El&hellip;<\/p>\n","protected":false},"author":2,"featured_media":17596,"comment_status":"closed","ping_status":"open","sticky":false,"template":"","format":"standard","meta":{"_lmt_disableupdate":"","_lmt_disable":"","_jetpack_memberships_contains_paid_content":false,"footnotes":""},"categories":[109,47],"tags":[578],"class_list":["post-17595","post","type-post","status-publish","format-standard","has-post-thumbnail","hentry","category-minuto-a-minuto","category-zona-gris","tag-san-jose-del-progreso"],"jetpack_featured_media_url":"https:\/\/zonaroja.com.mx\/wp-content\/uploads\/2020\/09\/Conferencia-San-Jose-del-Progreso.png","jetpack_sharing_enabled":true,"_links":{"self":[{"href":"https:\/\/zonaroja.com.mx\/index.php?rest_route=\/wp\/v2\/posts\/17595","targetHints":{"allow":["GET"]}}],"collection":[{"href":"https:\/\/zonaroja.com.mx\/index.php?rest_route=\/wp\/v2\/posts"}],"about":[{"href":"https:\/\/zonaroja.com.mx\/index.php?rest_route=\/wp\/v2\/types\/post"}],"author":[{"embeddable":true,"href":"https:\/\/zonaroja.com.mx\/index.php?rest_route=\/wp\/v2\/users\/2"}],"replies":[{"embeddable":true,"href":"https:\/\/zonaroja.com.mx\/index.php?rest_route=%2Fwp%2Fv2%2Fcomments&post=17595"}],"version-history":[{"count":1,"href":"https:\/\/zonaroja.com.mx\/index.php?rest_route=\/wp\/v2\/posts\/17595\/revisions"}],"predecessor-version":[{"id":17597,"href":"https:\/\/zonaroja.com.mx\/index.php?rest_route=\/wp\/v2\/posts\/17595\/revisions\/17597"}],"wp:featuredmedia":[{"embeddable":true,"href":"https:\/\/zonaroja.com.mx\/index.php?rest_route=\/wp\/v2\/media\/17596"}],"wp:attachment":[{"href":"https:\/\/zonaroja.com.mx\/index.php?rest_route=%2Fwp%2Fv2%2Fmedia&parent=17595"}],"wp:term":[{"taxonomy":"category","embeddable":true,"href":"https:\/\/zonaroja.com.mx\/index.php?rest_route=%2Fwp%2Fv2%2Fcategories&post=17595"},{"taxonomy":"post_tag","embeddable":true,"href":"https:\/\/zonaroja.com.mx\/index.php?rest_route=%2Fwp%2Fv2%2Ftags&post=17595"}],"curies":[{"name":"wp","href":"https:\/\/api.w.org\/{rel}","templated":true}]}}