{"id":17598,"date":"2020-09-14T22:03:30","date_gmt":"2020-09-15T03:03:30","guid":{"rendered":"http:\/\/www.zonaroja.com.mx\/?p=17598"},"modified":"2020-09-14T22:03:34","modified_gmt":"2020-09-15T03:03:34","slug":"acosa-policia-municipal-a-artista-plastico-y-le-pide-retirar-cubreboca-a-monumento","status":"publish","type":"post","link":"https:\/\/zonaroja.com.mx\/?p=17598","title":{"rendered":"Acosa polic\u00eda municipal a artista pl\u00e1stico y le pide retirar cubreboca a monumento"},"content":{"rendered":"\n<p>Yuridiana Sosa\/Zona Roja.<\/p>\n\n\n\n<p>Oaxaca de Ju\u00e1rez, Oax., 14 de septiembre de 2020.- El particular movimiento art\u00edstico para hacer conciencia sobre el uso del cubreboca por parte del artista pl\u00e1stico Guillermo Rito sobre esculturas representativas de Oaxaca, culmin\u00f3 este lunes con la intervenci\u00f3n y acoso policial, luego que coloc\u00f3 la mascarilla a la estatua de Benito Ju\u00e1rez, ubicada en el cerro del Fort\u00edn.<\/p>\n\n\n\n<p>El majestuoso monumento al Benem\u00e9rito de las Am\u00e9ricas, a un costado del auditorio Guelaguetza, luci\u00f3 por algunos minutos con el rostro semicubierto al portar un paliacate como cubrebocas en s\u00edmbolo de que Oaxaca todav\u00eda se encuentra en contingencia sanitaria por Covid-19.<\/p>\n\n\n\n<figure class=\"wp-block-embed-twitter wp-block-embed is-type-rich is-provider-twitter\"><div class=\"wp-block-embed__wrapper\">\n<div class=\"twitter-tweet\"><blockquote class=\"twitter-tweet\" data-lang=\"es\"><p lang=\"es\" dir=\"ltr\"><a href=\"https:\/\/twitter.com\/hashtag\/%C3%9AltimoMinuto?src=hash&amp;ref_src=twsrc%5Etfw\">#\u00daltimoMinuto<\/a> <br>(1) El pintor Guillermo Rito coloc\u00f3 esta ma\u00f1ana cubreboca al monumento a don Benito Ju\u00e1rez en el cerro del Fort\u00edn de la ciudad de Oaxaca. <a href=\"https:\/\/t.co\/NyIuYO4czq\">pic.twitter.com\/NyIuYO4czq<\/a><\/p>&mdash; Zona Roja Oaxaca (@MexRoja) <a href=\"https:\/\/twitter.com\/MexRoja\/status\/1305515947315335169?ref_src=twsrc%5Etfw\">14 de septiembre de 2020<\/a><\/blockquote><\/div>\n<\/div><\/figure>\n\n\n\n<p>Desde temprana hora, el artista pl\u00e1stico oaxaque\u00f1o y sus colaboradores arribaron al cerro del Fort\u00edn para continuar con las intervenciones que comenzaron desde el lunes pasado en las esculturas de la fuente de las Ocho Regiones y en el parque Ju\u00e1rez \u201cEl Llano\u201d, durante el fin de semana.<\/p>\n\n\n\n<p>Apenas hab\u00edan concluido su instalaci\u00f3n, cuando elementos policiales llegaron al lugar para solicitar el retiro de la mascarilla, debido a \u00f3rdenes superiores, expusieron los uniformados.<\/p>\n\n\n\n<p>Sin oposici\u00f3n, Rito accedi\u00f3 a la petici\u00f3n sin antes exponer ante los medios de comunicaci\u00f3n que esa situaci\u00f3n no detendr\u00e1 su campa\u00f1a de concientizaci\u00f3n en esculturas de espacios p\u00fablicos, siempre que esta sea tolerada.<\/p>\n\n\n\n<figure class=\"wp-block-embed-twitter wp-block-embed is-type-rich is-provider-twitter\"><div class=\"wp-block-embed__wrapper\">\n<div class=\"twitter-tweet\"><blockquote class=\"twitter-tweet\" data-lang=\"es\"><p lang=\"es\" dir=\"ltr\"><a href=\"https:\/\/twitter.com\/hashtag\/%C3%9AltimoMinuto?src=hash&amp;ref_src=twsrc%5Etfw\">#\u00daltimoMinuto<\/a> <br>(2) El artista pl\u00e1stico explic\u00f3 su intervenci\u00f3n al emblem\u00e1tico monumento a Ju\u00e1rez, en el cerro del Fort\u00edn, acto similar que hizo en la fuente de las Ocho Regiones y en el parque \u201cEl Llano\u201d. <a href=\"https:\/\/t.co\/QQmp8Hpdrz\">pic.twitter.com\/QQmp8Hpdrz<\/a><\/p>&mdash; Zona Roja Oaxaca (@MexRoja) <a href=\"https:\/\/twitter.com\/MexRoja\/status\/1305551483316961280?ref_src=twsrc%5Etfw\">14 de septiembre de 2020<\/a><\/blockquote><\/div>\n<\/div><\/figure>\n\n\n\n<p>El artista pl\u00e1stico reiter\u00f3 el llamado a los oaxaque\u00f1os a no bajar la guardia respecto a las medidas de sanidad frente a la pandemia por Covid-19, lo cual es necesario fortalecer ante el retroceso en el sem\u00e1foro epidemiol\u00f3gico para la entidad, de amarillo a naranja.<\/p>\n\n\n\n<p>La actividad fue registrada por la c\u00e1mara de video vigilancia del C4, ubicadas frente al monumento, por lo que la lente se mantuvo fija durante la presencia del escultor, quien, adem\u00e1s, cont\u00f3 con la supervisi\u00f3n de los polic\u00edas hasta concluir el retiro del pa\u00f1uelo.<\/p>\n\n\n\n<p>Fueron varios minutos de intervenci\u00f3n a manos del artista pl\u00e1stico; escaleras y cuerdas, fueron necesarias para alcanzar el rostro de la escultura del ilustre personaje, mientras que a espaldas de Benito Ju\u00e1rez la majestuosa bandera ondeaba a toda asta.<\/p>\n\n\n\n<figure class=\"wp-block-embed-twitter wp-block-embed is-type-rich is-provider-twitter\"><div class=\"wp-block-embed__wrapper\">\n<div class=\"twitter-tweet\"><blockquote class=\"twitter-tweet\" data-lang=\"es\"><p lang=\"es\" dir=\"ltr\"><a href=\"https:\/\/twitter.com\/hashtag\/%C3%9AltimoMinuto?src=hash&amp;ref_src=twsrc%5Etfw\">#\u00daltimoMinuto<\/a> <br>(3) Sin embargo, argumentando que es un \u201cmonumento hist\u00f3rico\u201d, polic\u00edas del <a href=\"https:\/\/twitter.com\/MunicipioOaxaca?ref_src=twsrc%5Etfw\">@MunicipioOaxaca<\/a> <a href=\"https:\/\/twitter.com\/MunicipioSeguro?ref_src=twsrc%5Etfw\">@MunicipioSeguro<\/a> pr\u00e1cticamente obligaron al artista a retirar el cubreboca de la estatua de Ju\u00e1rez y se esperaron hasta que concluyera la orden. <a href=\"https:\/\/t.co\/4b9h4EoNbq\">pic.twitter.com\/4b9h4EoNbq<\/a><\/p>&mdash; Zona Roja Oaxaca (@MexRoja) <a href=\"https:\/\/twitter.com\/MexRoja\/status\/1305556097932165122?ref_src=twsrc%5Etfw\">14 de septiembre de 2020<\/a><\/blockquote><\/div>\n<\/div><\/figure>\n","protected":false},"excerpt":{"rendered":"<p>Yuridiana Sosa\/Zona Roja. Oaxaca de Ju\u00e1rez, Oax., 14 de septiembre de 2020.- El particular movimiento&hellip;<\/p>\n","protected":false},"author":2,"featured_media":17599,"comment_status":"closed","ping_status":"open","sticky":false,"template":"","format":"standard","meta":{"_lmt_disableupdate":"","_lmt_disable":"","_jetpack_memberships_contains_paid_content":false,"footnotes":""},"categories":[109,47],"tags":[2000],"class_list":["post-17598","post","type-post","status-publish","format-standard","has-post-thumbnail","hentry","category-minuto-a-minuto","category-zona-gris","tag-pintor-guillermo-rito"],"jetpack_featured_media_url":"https:\/\/zonaroja.com.mx\/wp-content\/uploads\/2020\/09\/Guillermo-Rito-monumento-a-Juarez.png","jetpack_sharing_enabled":true,"_links":{"self":[{"href":"https:\/\/zonaroja.com.mx\/index.php?rest_route=\/wp\/v2\/posts\/17598","targetHints":{"allow":["GET"]}}],"collection":[{"href":"https:\/\/zonaroja.com.mx\/index.php?rest_route=\/wp\/v2\/posts"}],"about":[{"href":"https:\/\/zonaroja.com.mx\/index.php?rest_route=\/wp\/v2\/types\/post"}],"author":[{"embeddable":true,"href":"https:\/\/zonaroja.com.mx\/index.php?rest_route=\/wp\/v2\/users\/2"}],"replies":[{"embeddable":true,"href":"https:\/\/zonaroja.com.mx\/index.php?rest_route=%2Fwp%2Fv2%2Fcomments&post=17598"}],"version-history":[{"count":1,"href":"https:\/\/zonaroja.com.mx\/index.php?rest_route=\/wp\/v2\/posts\/17598\/revisions"}],"predecessor-version":[{"id":17600,"href":"https:\/\/zonaroja.com.mx\/index.php?rest_route=\/wp\/v2\/posts\/17598\/revisions\/17600"}],"wp:featuredmedia":[{"embeddable":true,"href":"https:\/\/zonaroja.com.mx\/index.php?rest_route=\/wp\/v2\/media\/17599"}],"wp:attachment":[{"href":"https:\/\/zonaroja.com.mx\/index.php?rest_route=%2Fwp%2Fv2%2Fmedia&parent=17598"}],"wp:term":[{"taxonomy":"category","embeddable":true,"href":"https:\/\/zonaroja.com.mx\/index.php?rest_route=%2Fwp%2Fv2%2Fcategories&post=17598"},{"taxonomy":"post_tag","embeddable":true,"href":"https:\/\/zonaroja.com.mx\/index.php?rest_route=%2Fwp%2Fv2%2Ftags&post=17598"}],"curies":[{"name":"wp","href":"https:\/\/api.w.org\/{rel}","templated":true}]}}