{"id":17604,"date":"2020-09-14T22:25:02","date_gmt":"2020-09-15T03:25:02","guid":{"rendered":"http:\/\/www.zonaroja.com.mx\/?p=17604"},"modified":"2020-09-14T22:25:08","modified_gmt":"2020-09-15T03:25:08","slug":"inicia-oaxaca-en-semaforo-naranja-con-cinco-decesos-y-25-casos-de-covid","status":"publish","type":"post","link":"https:\/\/zonaroja.com.mx\/?p=17604","title":{"rendered":"Inicia Oaxaca en sem\u00e1foro naranja con cinco decesos y 25 casos de Covid"},"content":{"rendered":"\n<p>Redacci\u00f3n\/Zona Roja.<\/p>\n\n\n\n<p>Oaxaca de Ju\u00e1rez, Oax. 14 de septiembre de 2020.- Al corte de este 14 de septiembre, la entidad acumul\u00f3 14 mil 925 casos positivos a Covid-19, de esta cifra, mil 364 personas han perdido la vida a causa de complicaciones por la enfermedad, cinco m\u00e1s que el d\u00eda de ayer, seg\u00fan cifras de los Servicios de Salud de Oaxaca (SSO).<\/p>\n\n\n\n<p>En un comunicado, la dependencia indic\u00f3 que, del total de confirmados, 22 son casos nuevos ubicados en 11 municipios, siendo las localidades m\u00e1s afectadas: Oaxaca de Ju\u00e1rez con 11, Salina Cruz con dos, y el resto un caso.<\/p>\n\n\n\n<p>Precis\u00f3 que por distribuci\u00f3n geogr\u00e1fica, Valles Centrales reporta nueve mil 938 positivos, Tuxtepec mil 637, Istmo mil 522, Mixteca 934, Costa 643 y Sierra 251.<\/p>\n\n\n\n<p>Afirm\u00f3 que el registro de personas recuperadas se elev\u00f3 a 13 mil 33, se tienen 680 pacientes sospechosos en espera de resultados y seis mil 605 personas han dado negativo a la prueba para el diagn\u00f3stico del padecimiento.<\/p>\n\n\n\n<figure class=\"wp-block-embed-twitter wp-block-embed is-type-rich is-provider-twitter\"><div class=\"wp-block-embed__wrapper\">\n<div class=\"twitter-tweet\"><blockquote class=\"twitter-tweet\" data-lang=\"es\"><p lang=\"es\" dir=\"ltr\">Al corte de este lunes 14 de septiembre, <a href=\"https:\/\/twitter.com\/hashtag\/Oaxaca?src=hash&amp;ref_src=twsrc%5Etfw\">#Oaxaca<\/a> registr\u00f3 22 nuevos casos positivos de <a href=\"https:\/\/twitter.com\/hashtag\/COVID19?src=hash&amp;ref_src=twsrc%5Etfw\">#COVID19<\/a>, los cuales se notificaron en 11 municipios del territorio estatal. <a href=\"https:\/\/t.co\/XVXWs9oYut\">pic.twitter.com\/XVXWs9oYut<\/a><\/p>&mdash; Servicios de Salud (@SSO_GobOax) <a href=\"https:\/\/twitter.com\/SSO_GobOax\/status\/1305677673411248130?ref_src=twsrc%5Etfw\">15 de septiembre de 2020<\/a><\/blockquote><\/div>\n<\/div><\/figure>\n\n\n\n<p>Asever\u00f3 que, a la fecha, el n\u00famero de trabajadores de Salud que ha salido positivo a Covid-19, suman 729 m\u00e9dicos, 962 enfermeras y enfermeros, as\u00ed como 694 de otros perfiles.<\/p>\n\n\n\n<p>Detall\u00f3 que el 78.5% de los pacientes ha cursado la infecci\u00f3n respiratoria con sintomatolog\u00eda en etapa leve en aislamiento domiciliario, y 21.5% han requerido atenci\u00f3n hospitalaria; siendo el grupo de edad con m\u00e1s contagios el de 25 a 44 a\u00f1os, con seis mil 782 casos, y por defunciones los mayores de 65 a\u00f1os con 614 fallecimientos.<\/p>\n\n\n\n<p>Refiri\u00f3 que este lunes la red hospitalaria presenta 31.6% de ocupaci\u00f3n de camas, para la atenci\u00f3n de pacientes con el nuevo coronavirus; el 36.9% equivale a camas de observaci\u00f3n y 22.9% con ventilador.<\/p>\n\n\n\n<p>Insisti\u00f3 que la entidad se encuentra en sem\u00e1foro naranja, que significa alto riesgo de contagios, por lo cual exhort\u00f3 a la poblaci\u00f3n a llevar a cabo las medidas de sana distancia, uso correcto de cubrebocas, lavado de manos y, en la medida de lo posible, quedarse en casa.<\/p>\n","protected":false},"excerpt":{"rendered":"<p>Redacci\u00f3n\/Zona Roja. Oaxaca de Ju\u00e1rez, Oax. 14 de septiembre de 2020.- Al corte de este&hellip;<\/p>\n","protected":false},"author":2,"featured_media":17605,"comment_status":"closed","ping_status":"open","sticky":false,"template":"","format":"standard","meta":{"_lmt_disableupdate":"","_lmt_disable":"","_jetpack_memberships_contains_paid_content":false,"footnotes":""},"categories":[109,47],"tags":[1512],"class_list":["post-17604","post","type-post","status-publish","format-standard","has-post-thumbnail","hentry","category-minuto-a-minuto","category-zona-gris","tag-coronavirus-oaxaca"],"jetpack_featured_media_url":"https:\/\/zonaroja.com.mx\/wp-content\/uploads\/2020\/09\/SSO-2-2.jpeg","jetpack_sharing_enabled":true,"_links":{"self":[{"href":"https:\/\/zonaroja.com.mx\/index.php?rest_route=\/wp\/v2\/posts\/17604","targetHints":{"allow":["GET"]}}],"collection":[{"href":"https:\/\/zonaroja.com.mx\/index.php?rest_route=\/wp\/v2\/posts"}],"about":[{"href":"https:\/\/zonaroja.com.mx\/index.php?rest_route=\/wp\/v2\/types\/post"}],"author":[{"embeddable":true,"href":"https:\/\/zonaroja.com.mx\/index.php?rest_route=\/wp\/v2\/users\/2"}],"replies":[{"embeddable":true,"href":"https:\/\/zonaroja.com.mx\/index.php?rest_route=%2Fwp%2Fv2%2Fcomments&post=17604"}],"version-history":[{"count":1,"href":"https:\/\/zonaroja.com.mx\/index.php?rest_route=\/wp\/v2\/posts\/17604\/revisions"}],"predecessor-version":[{"id":17606,"href":"https:\/\/zonaroja.com.mx\/index.php?rest_route=\/wp\/v2\/posts\/17604\/revisions\/17606"}],"wp:featuredmedia":[{"embeddable":true,"href":"https:\/\/zonaroja.com.mx\/index.php?rest_route=\/wp\/v2\/media\/17605"}],"wp:attachment":[{"href":"https:\/\/zonaroja.com.mx\/index.php?rest_route=%2Fwp%2Fv2%2Fmedia&parent=17604"}],"wp:term":[{"taxonomy":"category","embeddable":true,"href":"https:\/\/zonaroja.com.mx\/index.php?rest_route=%2Fwp%2Fv2%2Fcategories&post=17604"},{"taxonomy":"post_tag","embeddable":true,"href":"https:\/\/zonaroja.com.mx\/index.php?rest_route=%2Fwp%2Fv2%2Ftags&post=17604"}],"curies":[{"name":"wp","href":"https:\/\/api.w.org\/{rel}","templated":true}]}}