{"id":17612,"date":"2020-09-15T08:26:55","date_gmt":"2020-09-15T13:26:55","guid":{"rendered":"http:\/\/www.zonaroja.com.mx\/?p=17612"},"modified":"2020-09-15T08:26:59","modified_gmt":"2020-09-15T13:26:59","slug":"crecen-protestas-contra-fiscalia-por-impunidad-en-crimenes-de-malena-y-jovani","status":"publish","type":"post","link":"https:\/\/zonaroja.com.mx\/?p=17612","title":{"rendered":"Crecen protestas contra Fiscal\u00eda, por impunidad en cr\u00edmenes de Malena y Jovani"},"content":{"rendered":"\n<p>Ismael Garc\u00eda M.\/Zona Roja.<\/p>\n\n\n\n<p>Oaxaca de Ju\u00e1rez, Oax., 15 de septiembre de 2020.- \u201c\u00a1Por Malena Justicia! \u00a1Justicia\u00a1 \u00a1Justicia!\u201d. Con ese grito, la tarde de ayer frente a la sede de la representaci\u00f3n del gobierno de Oaxaca en la Ciudad de M\u00e9xico, se efectu\u00f3 una protesta pac\u00edfica para exigir a la Fiscal\u00eda General del Estado, justicia para Mar\u00eda Elena R\u00edos Ortiz, joven agredida con \u00e1cido hace poco m\u00e1s de un a\u00f1o.<\/p>\n\n\n\n<p>Fue la agrupaci\u00f3n \u201cEl Palomar\u201d con la cantante Vivir Quintana, colectivo de cantantes latinoamericanas, acompa\u00f1ada de diversas personas, quienes demandaron la agilizaci\u00f3n del proceso judicial en contra de los agresores de la saxofonista.<\/p>\n\n\n\n<p>El grupo de mujeres vestidas de negro y con pa\u00f1oletas verdes lleg\u00f3 al recinto ubicado en la calle Shakespeare n\u00famero 68, en la colonia Nueva Anzures, alcald\u00eda Miguel Hidalgo, para culminar con gritos de exigencia de justicia.<\/p>\n\n\n\n<p>Ante la presencia de polic\u00edas, interpretaron \u201cSin miedo\u201d, canci\u00f3n contra el feminicidio en M\u00e9xico, el cual concluy\u00f3 con una estrofa del Himno Nacional mexicano.<\/p>\n\n\n\n<p>El 6 de abril de este a\u00f1o, Juan Antonio V. C., fue detenido por tentativa de feminicidio, como autor intelectual; previamente, se aprehendi\u00f3 a otras tres personas. Sin embargo, su hijo Juan Antonio Vera Hern\u00e1ndez sigue libre a pesar de la orden de aprehensi\u00f3n en su contra, causa penal 533\/2019.<\/p>\n\n\n\n<figure class=\"wp-block-embed-twitter wp-block-embed is-type-rich is-provider-twitter\"><div class=\"wp-block-embed__wrapper\">\n<div class=\"twitter-tweet\"><blockquote class=\"twitter-tweet\" data-lang=\"es\"><p lang=\"es\" dir=\"ltr\"><a href=\"https:\/\/twitter.com\/hashtag\/JusticiaParaMale?src=hash&amp;ref_src=twsrc%5Etfw\">#JusticiaParaMale<\/a> <br>\u201c\u00a1Por Malena justicia! \u00a1Justicia! \u00a1Justicia! \u00a1Justicia!\u201d. As\u00ed fue la protesta en la Ciudad de M\u00e9xico en apoyo a Mar\u00eda Elena R\u00edos. <br>La cantante <a href=\"https:\/\/twitter.com\/vivirquintana?ref_src=twsrc%5Etfw\">@vivirquintana<\/a> y \u201cEl Palomar\u201d hicieron una intervenci\u00f3n con \u201cCanci\u00f3n sin miedo\u201d afuera de la representaci\u00f3n de Oaxaca. <a href=\"https:\/\/t.co\/KF0M1oqvHD\">pic.twitter.com\/KF0M1oqvHD<\/a><\/p>&mdash; Zona Roja Oaxaca (@MexRoja) <a href=\"https:\/\/twitter.com\/MexRoja\/status\/1305856479786827784?ref_src=twsrc%5Etfw\">15 de septiembre de 2020<\/a><\/blockquote><\/div>\n<\/div><\/figure>\n\n\n\n<p>TAMBI\u00c9N EN LA CAPITAL<\/p>\n\n\n\n<p>Tambi\u00e9n la tarde de ayer y pese a la lluvia, familiares del m\u00e9dico Jovani Ram\u00edrez Carvajal, procedentes de Santiago Jamiltepec, efectuaron en la capital de Oaxaca una protesta para exigir a la Fiscal\u00eda, resultados de las indagatorias sobre el asesinato del joven.<\/p>\n\n\n\n<p>Luego de colocar lonas en la fuente de las Ocho Regiones, marcharon por la calzada Porfirio D\u00edaz hacia el centro de la ciudad; en la explanada de Santo Domingo de Guzm\u00e1n, a un costado del Andador Tur\u00edstico, efectuaron un primer mitin.<\/p>\n\n\n\n<p>Posteriormente avanzaron y culminaron su manifestaci\u00f3n pac\u00edfica en el Palacio de Gobierno, para demandar justicia para Jovani, quien fue desaparecido el 31 de agosto pasado, al salir del hospital rural del IMSS en Jamiltepec; una semana despu\u00e9s, el 5 de septiembre, fue hallado muerto en jurisdicci\u00f3n de la Villa de Tututepec.<\/p>\n\n\n\n<p>A m\u00e1s de dos semanas del primer hecho, a\u00fan no hay ninguna informaci\u00f3n por parte de la Fiscal\u00eda General del Estado de Oaxaca; el pasado s\u00e1bado efectuaron una movilizaci\u00f3n similar en Jamiltepec.<\/p>\n\n\n\n<figure class=\"wp-block-embed-twitter wp-block-embed is-type-rich is-provider-twitter\"><div class=\"wp-block-embed__wrapper\">\n<div class=\"twitter-tweet\"><blockquote class=\"twitter-tweet\" data-lang=\"es\"><p lang=\"es\" dir=\"ltr\"><a href=\"https:\/\/twitter.com\/hashtag\/JusticiaParaJovani?src=hash&amp;ref_src=twsrc%5Etfw\">#JusticiaParaJovani<\/a><br>Ante la creciente impunidad en el caso y la nula actuaci\u00f3n de la <a href=\"https:\/\/twitter.com\/FISCALIA_GobOax?ref_src=twsrc%5Etfw\">@FISCALIA_GobOax<\/a>, familiares y amigos del m\u00e9dico Jovani, asesinado hace m\u00e1s de una semana en la Costa, marcharon en la capital para exigir justicia. <a href=\"https:\/\/t.co\/A1e5Py76Rw\">pic.twitter.com\/A1e5Py76Rw<\/a><\/p>&mdash; Zona Roja Oaxaca (@MexRoja) <a href=\"https:\/\/twitter.com\/MexRoja\/status\/1305658055590383617?ref_src=twsrc%5Etfw\">15 de septiembre de 2020<\/a><\/blockquote><\/div>\n<\/div><\/figure>\n","protected":false},"excerpt":{"rendered":"<p>Ismael Garc\u00eda M.\/Zona Roja. Oaxaca de Ju\u00e1rez, Oax., 15 de septiembre de 2020.- \u201c\u00a1Por Malena&hellip;<\/p>\n","protected":false},"author":2,"featured_media":17613,"comment_status":"closed","ping_status":"open","sticky":false,"template":"","format":"standard","meta":{"_lmt_disableupdate":"","_lmt_disable":"","_jetpack_memberships_contains_paid_content":false,"footnotes":""},"categories":[109,47],"tags":[1124,1988],"class_list":["post-17612","post","type-post","status-publish","format-standard","has-post-thumbnail","hentry","category-minuto-a-minuto","category-zona-gris","tag-maria-elena-rios-ortiz","tag-medico-jovani-ramirez-carbajal"],"jetpack_featured_media_url":"https:\/\/zonaroja.com.mx\/wp-content\/uploads\/2020\/09\/Protesta-Cdmx-caso-Maria-Elena.jpg","jetpack_sharing_enabled":true,"_links":{"self":[{"href":"https:\/\/zonaroja.com.mx\/index.php?rest_route=\/wp\/v2\/posts\/17612","targetHints":{"allow":["GET"]}}],"collection":[{"href":"https:\/\/zonaroja.com.mx\/index.php?rest_route=\/wp\/v2\/posts"}],"about":[{"href":"https:\/\/zonaroja.com.mx\/index.php?rest_route=\/wp\/v2\/types\/post"}],"author":[{"embeddable":true,"href":"https:\/\/zonaroja.com.mx\/index.php?rest_route=\/wp\/v2\/users\/2"}],"replies":[{"embeddable":true,"href":"https:\/\/zonaroja.com.mx\/index.php?rest_route=%2Fwp%2Fv2%2Fcomments&post=17612"}],"version-history":[{"count":1,"href":"https:\/\/zonaroja.com.mx\/index.php?rest_route=\/wp\/v2\/posts\/17612\/revisions"}],"predecessor-version":[{"id":17614,"href":"https:\/\/zonaroja.com.mx\/index.php?rest_route=\/wp\/v2\/posts\/17612\/revisions\/17614"}],"wp:featuredmedia":[{"embeddable":true,"href":"https:\/\/zonaroja.com.mx\/index.php?rest_route=\/wp\/v2\/media\/17613"}],"wp:attachment":[{"href":"https:\/\/zonaroja.com.mx\/index.php?rest_route=%2Fwp%2Fv2%2Fmedia&parent=17612"}],"wp:term":[{"taxonomy":"category","embeddable":true,"href":"https:\/\/zonaroja.com.mx\/index.php?rest_route=%2Fwp%2Fv2%2Fcategories&post=17612"},{"taxonomy":"post_tag","embeddable":true,"href":"https:\/\/zonaroja.com.mx\/index.php?rest_route=%2Fwp%2Fv2%2Ftags&post=17612"}],"curies":[{"name":"wp","href":"https:\/\/api.w.org\/{rel}","templated":true}]}}