{"id":17615,"date":"2020-09-15T09:54:13","date_gmt":"2020-09-15T14:54:13","guid":{"rendered":"http:\/\/www.zonaroja.com.mx\/?p=17615"},"modified":"2020-09-15T09:54:16","modified_gmt":"2020-09-15T14:54:16","slug":"privilegiar-al-sector-agropecuario-en-el-presupuesto-de-egresos-2021-pide-diputado","status":"publish","type":"post","link":"https:\/\/zonaroja.com.mx\/?p=17615","title":{"rendered":"Privilegiar al sector agropecuario en el Presupuesto de Egresos 2021, pide diputado"},"content":{"rendered":"\n<p>Redacci\u00f3n\/Zona Roja.<\/p>\n\n\n\n<p>Oaxaca de Ju\u00e1rez, Oax., 15 de septiembre de 2020. El presidente de la Junta de Coordinaci\u00f3n Pol\u00edtica (Jucopo) del Congreso local, Horacio Sosa Villavicencio, demand\u00f3 al Gobernador del Estado, Alejandro Murat Hinojosa, priorizar al campo oaxaque\u00f1o en el Presupuesto de Egresos 2021.<\/p>\n\n\n\n<p>Lo anterior, a fin de respaldar a las campesinos y campesinas, as\u00ed como ganaderas y ganaderos del estado, y con esto, garantizar la producci\u00f3n de alimentos y la generaci\u00f3n de empleos en la entidad.<\/p>\n\n\n\n<p>El diputado por el Partido Morena, indic\u00f3 que actualmente el campo oaxaque\u00f1o se encuentra en abandono y la crisis que enfrenta este sector se agudiz\u00f3 por la pandemia por Covid-19. Mencion\u00f3 que son constantes las denuncias sobre la desatenci\u00f3n por parte de dependencias estatales que existe hac\u00eda este sector.<\/p>\n\n\n\n<p>\u201cSin el campo, los y las oaxaque\u00f1as no tendr\u00edamos alimentos en esta crisis, que ha representado la pandemia por Covid-19 en el mundo. A pesar de las limitaciones con las que se cosecha en la entidad, los esfuerzos de los y las trabajadoras del campo nos han sacado adelante; aliment\u00e1ndonos y generando empleos\u201d apunt\u00f3 el legislador.<\/p>\n\n\n\n<p>Dijo que para que este sector econ\u00f3mico pueda resistir y se pueda producir, se deben generar las condiciones para mejorarlo y sacarlo de la situaci\u00f3n en la que se encuentra.<\/p>\n\n\n\n<p>Se\u00f1al\u00f3 que los niveles actuales de calentamiento global se asocian con el riesgo de que pronto haya \u201cmayor escasez de agua en tierras secas, erosi\u00f3n de suelos, p\u00e9rdida de vegetaci\u00f3n, da\u00f1o por incendios, p\u00e9rdida de cosechas.<\/p>\n\n\n\n<p>&nbsp;En este sentido, consider\u00f3 que el panorama es cr\u00edtico, pues coment\u00f3, se espera que la estabilidad en el abasto de alimentos se vea seriamente da\u00f1ada.<\/p>\n\n\n\n<p>Sosa Villavicencio fue puntual al decir que no es tarde para enmendar el camino y apostar por las econom\u00edas campesinas, generar m\u00e1s empleos para m\u00e1s gente. Urgi\u00f3 al Gobierno del Estado adoptar una pol\u00edtica econ\u00f3mica, agropecuaria y alimentaria integral, centrada en la gente.<\/p>\n","protected":false},"excerpt":{"rendered":"<p>Redacci\u00f3n\/Zona Roja. Oaxaca de Ju\u00e1rez, Oax., 15 de septiembre de 2020. El presidente de la&hellip;<\/p>\n","protected":false},"author":2,"featured_media":17616,"comment_status":"closed","ping_status":"open","sticky":false,"template":"","format":"standard","meta":{"_lmt_disableupdate":"","_lmt_disable":"","_jetpack_memberships_contains_paid_content":false,"footnotes":""},"categories":[109,46],"tags":[444],"class_list":["post-17615","post","type-post","status-publish","format-standard","has-post-thumbnail","hentry","category-minuto-a-minuto","category-zona-blanca","tag-horacio-sosa-villavicencio"],"jetpack_featured_media_url":"https:\/\/zonaroja.com.mx\/wp-content\/uploads\/2020\/09\/Se-debeprivilegiar-al-sector-del-campo-en-el-Presupuesto-Estatal-de-Egresos.jpeg","jetpack_sharing_enabled":true,"_links":{"self":[{"href":"https:\/\/zonaroja.com.mx\/index.php?rest_route=\/wp\/v2\/posts\/17615","targetHints":{"allow":["GET"]}}],"collection":[{"href":"https:\/\/zonaroja.com.mx\/index.php?rest_route=\/wp\/v2\/posts"}],"about":[{"href":"https:\/\/zonaroja.com.mx\/index.php?rest_route=\/wp\/v2\/types\/post"}],"author":[{"embeddable":true,"href":"https:\/\/zonaroja.com.mx\/index.php?rest_route=\/wp\/v2\/users\/2"}],"replies":[{"embeddable":true,"href":"https:\/\/zonaroja.com.mx\/index.php?rest_route=%2Fwp%2Fv2%2Fcomments&post=17615"}],"version-history":[{"count":1,"href":"https:\/\/zonaroja.com.mx\/index.php?rest_route=\/wp\/v2\/posts\/17615\/revisions"}],"predecessor-version":[{"id":17617,"href":"https:\/\/zonaroja.com.mx\/index.php?rest_route=\/wp\/v2\/posts\/17615\/revisions\/17617"}],"wp:featuredmedia":[{"embeddable":true,"href":"https:\/\/zonaroja.com.mx\/index.php?rest_route=\/wp\/v2\/media\/17616"}],"wp:attachment":[{"href":"https:\/\/zonaroja.com.mx\/index.php?rest_route=%2Fwp%2Fv2%2Fmedia&parent=17615"}],"wp:term":[{"taxonomy":"category","embeddable":true,"href":"https:\/\/zonaroja.com.mx\/index.php?rest_route=%2Fwp%2Fv2%2Fcategories&post=17615"},{"taxonomy":"post_tag","embeddable":true,"href":"https:\/\/zonaroja.com.mx\/index.php?rest_route=%2Fwp%2Fv2%2Ftags&post=17615"}],"curies":[{"name":"wp","href":"https:\/\/api.w.org\/{rel}","templated":true}]}}