{"id":17618,"date":"2020-09-15T09:57:53","date_gmt":"2020-09-15T14:57:53","guid":{"rendered":"http:\/\/www.zonaroja.com.mx\/?p=17618"},"modified":"2020-09-15T09:57:57","modified_gmt":"2020-09-15T14:57:57","slug":"se-deslindan-agencias-de-la-toma-de-empresa-minera-en-san-jose-del-progreso","status":"publish","type":"post","link":"https:\/\/zonaroja.com.mx\/?p=17618","title":{"rendered":"Se deslindan agencias de la toma de empresa minera en San Jos\u00e9 del Progreso"},"content":{"rendered":"\n<p>Evlin Arag\u00f3n\/Zona Roja.<\/p>\n\n\n\n<p>Oaxaca de Ju\u00e1rez, Oax., 15 de septiembre de 2020.- Autoridades auxiliares de Lachilana y Los V\u00e1squez, agencias pertenecientes al municipio de San Jos\u00e9 del Progreso, se deslindaron de la \u201ctoma\u201d a la empresa minera \u201cCuzcatl\u00e1n\u201d que realizaron este lunes representantes y habitantes de las agencias El Porvenir y Maguey Largo.&nbsp;<\/p>\n\n\n\n<p>Rigoberto Sierra Arango y Armando Ruiz Arellano Ordaz, agentes de polic\u00eda de ambas localidades, aseguraron que ellos se encuentran trabajando de forma tranquila con las autoridades del municipio, en la b\u00fasqueda del bien com\u00fan para la poblaci\u00f3n en general.&nbsp;<\/p>\n\n\n\n<p>\u201cNos deslindamos del movimiento, nosotros estamos trabajando como siempre y consideramos que el di\u00e1logo es lo que nos acerca a los pueblos para llegar a un convenio con las autoridades\u201d, indicaron.&nbsp;<\/p>\n\n\n\n<p>Aunque el grupo inconforme asegur\u00f3 que cinco agencias municipales de polic\u00eda estaban de acuerdo en la movilizaci\u00f3n de este lunes, la realidad es que s\u00f3lo los representantes de dos de estas se dieron cita en la minera para realizar la \u201ctoma\u201d de las instalaciones, pese a que fueron convocados al di\u00e1logo.&nbsp;<\/p>\n\n\n\n<p>Aseguraron que no est\u00e1n de acuerdo con la protesta ya que las autoridades si se han prestado a la escucha de las demandas y se han podido plantear soluciones a las diferentes problem\u00e1ticas, sin embargo, en el caso de las agencias de El Porvenir y Maguey Alto, existe una cerraz\u00f3n por parte de sus representantes.&nbsp;<\/p>\n\n\n\n<p>\u201cNosotros llegamos a un acuerdo con las autoridades y yo creo que platicando se entiende la gente y llegamos a un acuerdo con el presidente y su cabildo, quienes se mostraron muy accesibles para escuchar nuestras inconformidades, las cuales fueron respaldadas por la autoridad\u201d, concluyeron.&nbsp;<\/p>\n\n\n\n<p>Este lunes, y luego de ser anunciado desde la semana pasada, pobladores de dos de las cinco agencias municipales de San Jos\u00e9 del Progreso, bloquearon los accesos de la mina ubicada en la zona para exigir la liberaci\u00f3n de los recursos correspondientes a los ramos 28 y 33 fondo III y IV y dem\u00e1s recursos extraordinarios.&nbsp;&nbsp;<\/p>\n","protected":false},"excerpt":{"rendered":"<p>Evlin Arag\u00f3n\/Zona Roja. Oaxaca de Ju\u00e1rez, Oax., 15 de septiembre de 2020.- Autoridades auxiliares de&hellip;<\/p>\n","protected":false},"author":2,"featured_media":17619,"comment_status":"closed","ping_status":"open","sticky":false,"template":"","format":"standard","meta":{"_lmt_disableupdate":"","_lmt_disable":"","_jetpack_memberships_contains_paid_content":false,"footnotes":""},"categories":[109,47],"tags":[578],"class_list":["post-17618","post","type-post","status-publish","format-standard","has-post-thumbnail","hentry","category-minuto-a-minuto","category-zona-gris","tag-san-jose-del-progreso"],"jetpack_featured_media_url":"https:\/\/zonaroja.com.mx\/wp-content\/uploads\/2020\/09\/Agentes-San-Jose-del-Progreso.jpg","jetpack_sharing_enabled":true,"_links":{"self":[{"href":"https:\/\/zonaroja.com.mx\/index.php?rest_route=\/wp\/v2\/posts\/17618","targetHints":{"allow":["GET"]}}],"collection":[{"href":"https:\/\/zonaroja.com.mx\/index.php?rest_route=\/wp\/v2\/posts"}],"about":[{"href":"https:\/\/zonaroja.com.mx\/index.php?rest_route=\/wp\/v2\/types\/post"}],"author":[{"embeddable":true,"href":"https:\/\/zonaroja.com.mx\/index.php?rest_route=\/wp\/v2\/users\/2"}],"replies":[{"embeddable":true,"href":"https:\/\/zonaroja.com.mx\/index.php?rest_route=%2Fwp%2Fv2%2Fcomments&post=17618"}],"version-history":[{"count":1,"href":"https:\/\/zonaroja.com.mx\/index.php?rest_route=\/wp\/v2\/posts\/17618\/revisions"}],"predecessor-version":[{"id":17620,"href":"https:\/\/zonaroja.com.mx\/index.php?rest_route=\/wp\/v2\/posts\/17618\/revisions\/17620"}],"wp:featuredmedia":[{"embeddable":true,"href":"https:\/\/zonaroja.com.mx\/index.php?rest_route=\/wp\/v2\/media\/17619"}],"wp:attachment":[{"href":"https:\/\/zonaroja.com.mx\/index.php?rest_route=%2Fwp%2Fv2%2Fmedia&parent=17618"}],"wp:term":[{"taxonomy":"category","embeddable":true,"href":"https:\/\/zonaroja.com.mx\/index.php?rest_route=%2Fwp%2Fv2%2Fcategories&post=17618"},{"taxonomy":"post_tag","embeddable":true,"href":"https:\/\/zonaroja.com.mx\/index.php?rest_route=%2Fwp%2Fv2%2Ftags&post=17618"}],"curies":[{"name":"wp","href":"https:\/\/api.w.org\/{rel}","templated":true}]}}