{"id":17621,"date":"2020-09-15T10:01:54","date_gmt":"2020-09-15T15:01:54","guid":{"rendered":"http:\/\/www.zonaroja.com.mx\/?p=17621"},"modified":"2020-09-15T10:01:59","modified_gmt":"2020-09-15T15:01:59","slug":"atrae-defensoria-caso-de-violencia-sexual-en-la-universidad-del-istmo","status":"publish","type":"post","link":"https:\/\/zonaroja.com.mx\/?p=17621","title":{"rendered":"Atrae Defensor\u00eda caso de violencia sexual en la Universidad del Istmo"},"content":{"rendered":"\n<p>Evlin Arag\u00f3n\/Zona Roja.<\/p>\n\n\n\n<p>Oaxaca de Ju\u00e1rez, Oax., 15 de septiembre de 2020.- Las oficinas centrales de la Defensor\u00eda de los Derechos Humanos del Pueblo de Oaxaca (DDHPO) atrajeron la queja de acoso cometido contra estudiantes de la Universidad del Istmo, campus Ciudad Ixtepec, luego de que se denunciaran presuntos actos de favoritismo cometidos por el defensor regional, Mervin Ch\u00e1vez.<\/p>\n\n\n\n<p>As\u00ed lo dio a conocer la instancia, que argument\u00f3 que el expediente DDHPO\/0007\/(10)\/OAX\/2020 y sus acumulados est\u00e1n ahora en manos de la defensora Especializada, Ita Bico Cruz L\u00f3pez, quien se har\u00e1 cargo del procedimiento, en el cual ya se dictaron medidas cautelares a favor de las v\u00edctimas, estudiantes y docentes, a quienes tambi\u00e9n se dar\u00e1 puntual acompa\u00f1amiento.&nbsp;<\/p>\n\n\n\n<p>\u201c\u2026para garantizar la imparcialidad de la investigaci\u00f3n, la Defensor\u00eda de los Derechos Humanos del Pueblo de Oaxaca, atrajo la queja a las oficinas centrales, para que la defensora Especializada, Ita Bico Cruz L\u00f3pez, se hiciera cargo del procedimiento, adem\u00e1s de brindar acompa\u00f1amiento a las v\u00edctimas\u201d, expuso.<\/p>\n\n\n\n<p>De igual forma, inform\u00f3 r que el \u00f3rgano de control interno de la Defensor\u00eda lleva a cabo una investigaci\u00f3n, respecto a la actuaci\u00f3n del servidor p\u00fablico que fue acusado de obstaculizar los procedimientos y facilitarles a las autoridades de la Universidad la protecci\u00f3n de los denunciados.<\/p>\n\n\n\n<p>La denuncia de irregularidades en el actuar del defensor regional, fue expuesta por Virginia Ilescas, docente de la Universidad, quien en entrevista con ZONA ROJA, relat\u00f3 que desde hace meses acompa\u00f1a a las estudiantes de la carrera de Derechos de la Energ\u00eda en su denuncia por violencia sexual cometida por al menos tres docentes de la instituci\u00f3n.&nbsp;<\/p>\n\n\n\n<p>\u201cHan estado obstaculizando, b\u00e1sicamente con la ayuda del visitador de Ixtepec, espec\u00edficamente Mervin Ch\u00e1vez, han obstaculizando los procedimientos, facilit\u00e1ndole a las autoridades de la Universidad la protecci\u00f3n de los denunciados\u201d, refiri\u00f3 la docente en entrevista.&nbsp;<\/p>\n\n\n\n<p>Apenas este viernes y tras seis meses de hacerse p\u00fablica la denuncia de violencia sexual al interior de la Unistmo, la Fiscal\u00eda General del Estado anunci\u00f3 la vinculaci\u00f3n a proceso de uno de los tres profesores de la instituci\u00f3n denunciados penalmente por las estudiantes.<\/p>\n\n\n\n<p>Se trata de S. F. A.C. quien de acuerdo a la carpeta de investigaci\u00f3n 10026\/FIST\/IXTEPEC\/2020, durante diferentes fechas de mayo del 2019 hostig\u00f3 sexualmente a una joven adscrita como estudiante del plantel, quien con el acompa\u00f1amiento de las docentes Virginia Ilescas y Monserrat S\u00e1nchez Moreno, as\u00ed como de H\u00e9ctor Ortega Mart\u00ednez, denunci\u00f3 p\u00fablicamente la violencia de la que fue v\u00edctima.&nbsp;<\/p>\n","protected":false},"excerpt":{"rendered":"<p>Evlin Arag\u00f3n\/Zona Roja. Oaxaca de Ju\u00e1rez, Oax., 15 de septiembre de 2020.- Las oficinas centrales&hellip;<\/p>\n","protected":false},"author":2,"featured_media":9869,"comment_status":"closed","ping_status":"open","sticky":false,"template":"","format":"standard","meta":{"_lmt_disableupdate":"","_lmt_disable":"","_jetpack_memberships_contains_paid_content":false,"footnotes":""},"categories":[109,47],"tags":[1509],"class_list":["post-17621","post","type-post","status-publish","format-standard","has-post-thumbnail","hentry","category-minuto-a-minuto","category-zona-gris","tag-acoso-universidad-del-istmo-oaxaca"],"jetpack_featured_media_url":"https:\/\/zonaroja.com.mx\/wp-content\/uploads\/2020\/03\/Unistmo-Ixtepec.jpg","jetpack_sharing_enabled":true,"_links":{"self":[{"href":"https:\/\/zonaroja.com.mx\/index.php?rest_route=\/wp\/v2\/posts\/17621","targetHints":{"allow":["GET"]}}],"collection":[{"href":"https:\/\/zonaroja.com.mx\/index.php?rest_route=\/wp\/v2\/posts"}],"about":[{"href":"https:\/\/zonaroja.com.mx\/index.php?rest_route=\/wp\/v2\/types\/post"}],"author":[{"embeddable":true,"href":"https:\/\/zonaroja.com.mx\/index.php?rest_route=\/wp\/v2\/users\/2"}],"replies":[{"embeddable":true,"href":"https:\/\/zonaroja.com.mx\/index.php?rest_route=%2Fwp%2Fv2%2Fcomments&post=17621"}],"version-history":[{"count":1,"href":"https:\/\/zonaroja.com.mx\/index.php?rest_route=\/wp\/v2\/posts\/17621\/revisions"}],"predecessor-version":[{"id":17622,"href":"https:\/\/zonaroja.com.mx\/index.php?rest_route=\/wp\/v2\/posts\/17621\/revisions\/17622"}],"wp:featuredmedia":[{"embeddable":true,"href":"https:\/\/zonaroja.com.mx\/index.php?rest_route=\/wp\/v2\/media\/9869"}],"wp:attachment":[{"href":"https:\/\/zonaroja.com.mx\/index.php?rest_route=%2Fwp%2Fv2%2Fmedia&parent=17621"}],"wp:term":[{"taxonomy":"category","embeddable":true,"href":"https:\/\/zonaroja.com.mx\/index.php?rest_route=%2Fwp%2Fv2%2Fcategories&post=17621"},{"taxonomy":"post_tag","embeddable":true,"href":"https:\/\/zonaroja.com.mx\/index.php?rest_route=%2Fwp%2Fv2%2Ftags&post=17621"}],"curies":[{"name":"wp","href":"https:\/\/api.w.org\/{rel}","templated":true}]}}