{"id":17623,"date":"2020-09-15T10:08:44","date_gmt":"2020-09-15T15:08:44","guid":{"rendered":"http:\/\/www.zonaroja.com.mx\/?p=17623"},"modified":"2020-09-15T10:08:49","modified_gmt":"2020-09-15T15:08:49","slug":"gestiona-rector-mayores-recursos-presupuestales-para-la-uabjo","status":"publish","type":"post","link":"https:\/\/zonaroja.com.mx\/?p=17623","title":{"rendered":"Gestiona rector mayores recursos presupuestales para la UABJO"},"content":{"rendered":"\n<p>Redacci\u00f3n\/Zona Roja.<\/p>\n\n\n\n<p>Oaxaca de Ju\u00e1rez, Oax., 15 de septiembre de 2020.- El rector de la Universidad Aut\u00f3noma \u201cBenito Ju\u00e1rez\u201d de Oaxaca, Eduardo Bautista Mart\u00ednez, acompa\u00f1ado de una comisi\u00f3n de autoridades acad\u00e9micas, entreg\u00f3 a Erasmo Gonz\u00e1lez Robledo, presidente de la Comisi\u00f3n de Presupuesto y Cuenta P\u00fablica del Congreso de la Uni\u00f3n, la solicitud de incremento al subsidio ordinario.<\/p>\n\n\n\n<p>\u201cNo se trata de pedir por pedir, estamos en la total disponibilidad de continuar con la transparencia y rendici\u00f3n de cuentas, al d\u00eda de hoy nos hemos sometido a 36 auditor\u00edas y tenemos dos m\u00e1s en proceso\u201d, refiri\u00f3.<\/p>\n\n\n\n<p>En presencia de legisladores estatales y federales, solicit\u00f3 un aumento real al presupuesto ordinario del 42.70% para el ejercicio 2021, puesto que la UABJO tiene un d\u00e9ficit del 42% para alcanzar su prop\u00f3sito.<\/p>\n\n\n\n<p>Esto con el objetivo de lograr la media nacional, es decir igualdad en la inversi\u00f3n por estudiante, considerando que la matr\u00edcula se mantenga en 26 mil 976 en sus dos niveles educativos, medio y superior.<\/p>\n\n\n\n<p>Adem\u00e1s de que esta acci\u00f3n permitir\u00eda enfrentar las principales carencias y rezagos, as\u00ed como atender los siguientes rubros: reconocimiento de plantilla de personal acad\u00e9mico y administrativo, implementar una reforma al sistema de pensiones y jubilaciones y sostener e incrementar indicadores de educaci\u00f3n de calidad.<\/p>\n\n\n\n<p>En este documento se incluye tambi\u00e9n la petici\u00f3n de apoyar la gesti\u00f3n del programa U081, destinado a saneamiento financiero y atenci\u00f3n a problemas estructurales de las Universidades P\u00fablicas Estatales (UPES), el cual ya no se otorga desde 2016.<\/p>\n\n\n\n<p>La instituci\u00f3n se compromete a continuar con la mejora de indicadores acad\u00e9micos, actualizar su normatividad, implementar sistemas de control interno, generar certeza y estabilidad acad\u00e9mica, pol\u00edtica, econ\u00f3mica y social, fortalecer los procesos de transparencia y rendici\u00f3n de cuentas, as\u00ed como hacer m\u00e1s eficiente el gasto, a trav\u00e9s de pol\u00edticas de racionalizaci\u00f3n y austeridad.<\/p>\n\n\n\n<p>En este encuentro, Bautista Mart\u00ednez, manifest\u00f3 su preocupaci\u00f3n ante la primera proyecci\u00f3n del paquete econ\u00f3mico para 2021, en donde ya no se incluyen 13 programas extraordinarios necesarios para los procesos de evaluaci\u00f3n y acreditaci\u00f3n de programas de estudio, como son: Est\u00edmulos de Carrera Docente, Fondos de Aportaciones M\u00faltiples, Programa Presupuestario de Expansi\u00f3n de la Educaci\u00f3n Media Superior y Superior (PROExES), entre otros.<\/p>\n\n\n\n<p>Dicha petici\u00f3n fue respaldada por el pleno de legisladores y legisladoras presentes y bien recibido por Gonz\u00e1lez Robledo y C\u00e9sar Agust\u00edn Hern\u00e1ndez P\u00e9rez, presidente y secretario de la Comisi\u00f3n de Presupuesto y Cuenta P\u00fablica del Congreso de la Uni\u00f3n, quienes se comprometieron a apoyar la gesti\u00f3n.<\/p>\n\n\n\n<p>Coincidieron en que se trata de una responsabilidad seria, solidaria y fraterna con la disponibilidad de atender las necesidades educativas, as\u00ed como construir canales de comunicaci\u00f3n con todas las instancias del Gobierno de la Rep\u00fablica para acompa\u00f1ar las gestiones de la universidad que permitan atender sus problemas coyunturales.<\/p>\n","protected":false},"excerpt":{"rendered":"<p>Redacci\u00f3n\/Zona Roja. Oaxaca de Ju\u00e1rez, Oax., 15 de septiembre de 2020.- El rector de la&hellip;<\/p>\n","protected":false},"author":2,"featured_media":17624,"comment_status":"closed","ping_status":"open","sticky":false,"template":"","format":"standard","meta":{"_lmt_disableupdate":"","_lmt_disable":"","_jetpack_memberships_contains_paid_content":false,"footnotes":""},"categories":[109,46],"tags":[360,282],"class_list":["post-17623","post","type-post","status-publish","format-standard","has-post-thumbnail","hentry","category-minuto-a-minuto","category-zona-blanca","tag-rector-eduardo-bautista-martinez","tag-universidad-autonoma-benito-juarez-de-oaxaca"],"jetpack_featured_media_url":"https:\/\/zonaroja.com.mx\/wp-content\/uploads\/2020\/09\/1-3.jpg","jetpack_sharing_enabled":true,"_links":{"self":[{"href":"https:\/\/zonaroja.com.mx\/index.php?rest_route=\/wp\/v2\/posts\/17623","targetHints":{"allow":["GET"]}}],"collection":[{"href":"https:\/\/zonaroja.com.mx\/index.php?rest_route=\/wp\/v2\/posts"}],"about":[{"href":"https:\/\/zonaroja.com.mx\/index.php?rest_route=\/wp\/v2\/types\/post"}],"author":[{"embeddable":true,"href":"https:\/\/zonaroja.com.mx\/index.php?rest_route=\/wp\/v2\/users\/2"}],"replies":[{"embeddable":true,"href":"https:\/\/zonaroja.com.mx\/index.php?rest_route=%2Fwp%2Fv2%2Fcomments&post=17623"}],"version-history":[{"count":1,"href":"https:\/\/zonaroja.com.mx\/index.php?rest_route=\/wp\/v2\/posts\/17623\/revisions"}],"predecessor-version":[{"id":17625,"href":"https:\/\/zonaroja.com.mx\/index.php?rest_route=\/wp\/v2\/posts\/17623\/revisions\/17625"}],"wp:featuredmedia":[{"embeddable":true,"href":"https:\/\/zonaroja.com.mx\/index.php?rest_route=\/wp\/v2\/media\/17624"}],"wp:attachment":[{"href":"https:\/\/zonaroja.com.mx\/index.php?rest_route=%2Fwp%2Fv2%2Fmedia&parent=17623"}],"wp:term":[{"taxonomy":"category","embeddable":true,"href":"https:\/\/zonaroja.com.mx\/index.php?rest_route=%2Fwp%2Fv2%2Fcategories&post=17623"},{"taxonomy":"post_tag","embeddable":true,"href":"https:\/\/zonaroja.com.mx\/index.php?rest_route=%2Fwp%2Fv2%2Ftags&post=17623"}],"curies":[{"name":"wp","href":"https:\/\/api.w.org\/{rel}","templated":true}]}}