{"id":17626,"date":"2020-09-15T16:25:30","date_gmt":"2020-09-15T21:25:30","guid":{"rendered":"http:\/\/www.zonaroja.com.mx\/?p=17626"},"modified":"2020-09-15T16:25:35","modified_gmt":"2020-09-15T21:25:35","slug":"grito-de-independencia-en-oaxaca-sera-por-television-sin-publico","status":"publish","type":"post","link":"https:\/\/zonaroja.com.mx\/?p=17626","title":{"rendered":"Grito de Independencia en Oaxaca ser\u00e1 por televisi\u00f3n, sin p\u00fablico"},"content":{"rendered":"\n<p>Redacci\u00f3n\/Zona Roja.<\/p>\n\n\n\n<p>Oaxaca de Ju\u00e1rez, Oax., 15 de septiembre de 2020.- La ceremonia del Grito de Independencia, s\u00f3lo ser\u00e1n por televisi\u00f3n y por redes sociales.<\/p>\n\n\n\n<p>El Gobierno del Estado confirm\u00f3 que el acto protocolario -a cargo del gobernador Alejandro Murat Hinojosa- con motivo del 210 aniversario del inicio de la Independencia de M\u00e9xico, ser\u00e1 sin presencia de p\u00fablico y se transmitir\u00e1 a trav\u00e9s la se\u00f1al de la Corporaci\u00f3n Oaxaque\u00f1a de Radio y Televisi\u00f3n (Cortv).<\/p>\n\n\n\n<p>En un comunicado, expuso que a partir de las 21:00 horas, los oaxaque\u00f1os podr\u00e1n presenciar desde sus hogares la tradicional noche mexicana y el Grito de Independencia que realizar\u00e1 el mandatario en compa\u00f1\u00eda de los representantes de los poderes Judicial y Legislativo.<\/p>\n\n\n\n<p>En este marco, se transmitir\u00e1 una programaci\u00f3n especial que incluir\u00e1 la participaci\u00f3n de grandes cantantes como Leonel Garc\u00eda, Edith M\u00e1rquez y Lila Downs, entre otros, as\u00ed como contenidos audiovisuales sobre Oaxaca y M\u00e9xico.<\/p>\n\n\n\n<p>El Gobierno del Estado invit\u00f3 a la ciudadan\u00eda en general a quedarse en casa durante estos d\u00edas festivos y respetar las medidas de prevenci\u00f3n e higiene para evitar el aumento de contagios por Covid-19.<\/p>\n\n\n\n<figure class=\"wp-block-embed-twitter wp-block-embed is-type-rich is-provider-twitter\"><div class=\"wp-block-embed__wrapper\">\n<div class=\"twitter-tweet\"><blockquote class=\"twitter-tweet\" data-lang=\"es\"><p lang=\"es\" dir=\"ltr\">\u00a1Celebra, desde tu casa, las Fiestas Patrias! No te pierdas a grandes artistas en concierto para acompa\u00f1ar tu festejo de Independencia; sintoniza el canal 9.1 de TV abierta a partir de las 20:30 horas y grita con nosotros. \u00a1Viva M\u00e9xico! \u00a1Viva Oaxaca! <a href=\"https:\/\/t.co\/i5vSljj47Q\">pic.twitter.com\/i5vSljj47Q<\/a><\/p>&mdash; CORTV (@cortv) <a href=\"https:\/\/twitter.com\/cortv\/status\/1305964198426542080?ref_src=twsrc%5Etfw\">15 de septiembre de 2020<\/a><\/blockquote><\/div>\n<\/div><\/figure>\n\n\n\n<p>PIDEN EVITAR SALIR<\/p>\n\n\n\n<p>Por su parte, el ayuntamiento de Oaxaca de Ju\u00e1rez llam\u00f3 a respetar protocolos sanitarios en la noche mexicana y pidi\u00f3 que se evite asistir a fiestas y eventos masivos, entre otros contextos, que aumentan los riesgos de contagio de Covid-19.<\/p>\n\n\n\n<p>\u201cReconocemos que esta celebraci\u00f3n es parte importante de las tradiciones patrias en M\u00e9xico, la cual recuerda el inicio de la lucha por la Independencia a partir del llamado a tomar las armas realizado por el cura Miguel Hidalgo, sin embargo, debemos recordar tambi\u00e9n que la conmemoraci\u00f3n de este a\u00f1o debe ajustarse a los protocolos sanitarios establecidos para mitigar la propagaci\u00f3n y riesgo de contagio de COVID-19\u201d, inform\u00f3 en un comunicado.<\/p>\n\n\n\n<p>\u201cDebemos tomar en cuenta que el estado de Oaxaca regres\u00f3 a color naranja, de acuerdo al Sem\u00e1foro de Riesgo Epidemiol\u00f3gico, lo que indica un alto riesgo de contagio y, por ello, s\u00f3lo se permiten actividades laborales esenciales y, las no esenciales, deber\u00e1n reducir su aforo; de igual manera, est\u00e1 establecido que la actividad social se reducir\u00e1 en 70% en espacios p\u00fablicos abiertos y cerrados, por ello invito a las y los oaxaque\u00f1os a permanecer en casa para prevenir riesgos importantes a la salud de sus familias\u201d.<\/p>\n","protected":false},"excerpt":{"rendered":"<p>Redacci\u00f3n\/Zona Roja. Oaxaca de Ju\u00e1rez, Oax., 15 de septiembre de 2020.- La ceremonia del Grito&hellip;<\/p>\n","protected":false},"author":2,"featured_media":17627,"comment_status":"closed","ping_status":"open","sticky":false,"template":"","format":"standard","meta":{"_lmt_disableupdate":"","_lmt_disable":"","_jetpack_memberships_contains_paid_content":false,"footnotes":""},"categories":[109,46],"tags":[],"class_list":["post-17626","post","type-post","status-publish","format-standard","has-post-thumbnail","hentry","category-minuto-a-minuto","category-zona-blanca"],"jetpack_featured_media_url":"https:\/\/zonaroja.com.mx\/wp-content\/uploads\/2020\/09\/Palacio-de-Gobierno.jpg","jetpack_sharing_enabled":true,"_links":{"self":[{"href":"https:\/\/zonaroja.com.mx\/index.php?rest_route=\/wp\/v2\/posts\/17626","targetHints":{"allow":["GET"]}}],"collection":[{"href":"https:\/\/zonaroja.com.mx\/index.php?rest_route=\/wp\/v2\/posts"}],"about":[{"href":"https:\/\/zonaroja.com.mx\/index.php?rest_route=\/wp\/v2\/types\/post"}],"author":[{"embeddable":true,"href":"https:\/\/zonaroja.com.mx\/index.php?rest_route=\/wp\/v2\/users\/2"}],"replies":[{"embeddable":true,"href":"https:\/\/zonaroja.com.mx\/index.php?rest_route=%2Fwp%2Fv2%2Fcomments&post=17626"}],"version-history":[{"count":1,"href":"https:\/\/zonaroja.com.mx\/index.php?rest_route=\/wp\/v2\/posts\/17626\/revisions"}],"predecessor-version":[{"id":17628,"href":"https:\/\/zonaroja.com.mx\/index.php?rest_route=\/wp\/v2\/posts\/17626\/revisions\/17628"}],"wp:featuredmedia":[{"embeddable":true,"href":"https:\/\/zonaroja.com.mx\/index.php?rest_route=\/wp\/v2\/media\/17627"}],"wp:attachment":[{"href":"https:\/\/zonaroja.com.mx\/index.php?rest_route=%2Fwp%2Fv2%2Fmedia&parent=17626"}],"wp:term":[{"taxonomy":"category","embeddable":true,"href":"https:\/\/zonaroja.com.mx\/index.php?rest_route=%2Fwp%2Fv2%2Fcategories&post=17626"},{"taxonomy":"post_tag","embeddable":true,"href":"https:\/\/zonaroja.com.mx\/index.php?rest_route=%2Fwp%2Fv2%2Ftags&post=17626"}],"curies":[{"name":"wp","href":"https:\/\/api.w.org\/{rel}","templated":true}]}}