{"id":17629,"date":"2020-09-15T17:21:37","date_gmt":"2020-09-15T22:21:37","guid":{"rendered":"http:\/\/www.zonaroja.com.mx\/?p=17629"},"modified":"2020-09-15T17:21:39","modified_gmt":"2020-09-15T22:21:39","slug":"pide-congreso-a-fiscalia-ejecutar-orden-de-aprehension-contra-otro-de-los-agresores-de-maria-elena","status":"publish","type":"post","link":"https:\/\/zonaroja.com.mx\/?p=17629","title":{"rendered":"Pide Congreso a Fiscal\u00eda ejecutar orden de aprehensi\u00f3n contra otro de los agresores de Mar\u00eda Elena"},"content":{"rendered":"\n<p>Redacci\u00f3n\/Zona Roja.<\/p>\n\n\n\n<p>Oaxaca de Ju\u00e1rez, Oax., 15 de septiembre de 2020.- El Congreso local demand\u00f3 a la Fiscal\u00eda General de Oaxaca (FGEO) ejercer la orden judicial de aprehensi\u00f3n en contra de Juan V. H., se\u00f1alado como uno de los presuntos autores intelectuales de la agresi\u00f3n cometida contra la ciudadana Mar\u00eda Elena R\u00edos Ortiz.<\/p>\n\n\n\n<p>El 9 de septiembre del 2019, la saxofonista Mar\u00eda Elena, fue atacada con \u00e1cido a las afueras de su domicilio, en Huajuapan de Le\u00f3n, sufriendo&nbsp; graves quemaduras en cara y cuerpo.<\/p>\n\n\n\n<p>El Punto de Acuerdo, propuesto por la diputada Elisa Zepeda Lagunas, fue aprobado por el pleno de la 64 Legislatura en sesi\u00f3n ordinaria de este martes, con 29 votos.<\/p>\n\n\n\n<p>Cita el actuar tard\u00edo, de conformidad a lo establecido en el Art\u00edculo 145 del C\u00f3digo Nacional de Procedimientos Penales del Estado de Oaxaca, por parte de la Fiscal\u00eda, la cual, a m\u00e1s de un a\u00f1o del lamentable suceso, no ha logrado la detenci\u00f3n de todos los se\u00f1alados como autores intelectuales en la comisi\u00f3n de tentativa de feminicidio.<\/p>\n\n\n\n<figure class=\"wp-block-embed-twitter wp-block-embed is-type-rich is-provider-twitter\"><div class=\"wp-block-embed__wrapper\">\n<div class=\"twitter-tweet\"><blockquote class=\"twitter-tweet\" data-lang=\"es\"><p lang=\"es\" dir=\"ltr\">(1) En el <a href=\"https:\/\/twitter.com\/CongresoOaxLXIV?ref_src=twsrc%5Etfw\">@CongresoOaxLXIV<\/a>, el fiscal <a href=\"https:\/\/twitter.com\/RVasconcelosM?ref_src=twsrc%5Etfw\">@RVasconcelosM<\/a> vuelve a generar pol\u00e9mica por negligencias; a propuesta de la diputada <a href=\"https:\/\/twitter.com\/Elisa_ZepedaOax?ref_src=twsrc%5Etfw\">@Elisa_ZepedaOax<\/a>, con 30 votos se aprob\u00f3 un exhorto a la <a href=\"https:\/\/twitter.com\/FISCALIA_GobOax?ref_src=twsrc%5Etfw\">@FISCALIA_GobOax<\/a> para que a la brevedad se ejecute la orden contra Juan Vera, por caso Mar\u00eda Elena. <a href=\"https:\/\/t.co\/0yeKcVkvsM\">pic.twitter.com\/0yeKcVkvsM<\/a><\/p>&mdash; Zona Roja Oaxaca (@MexRoja) <a href=\"https:\/\/twitter.com\/MexRoja\/status\/1305945569404350464?ref_src=twsrc%5Etfw\">15 de septiembre de 2020<\/a><\/blockquote><\/div>\n<\/div><\/figure>\n\n\n\n<p>Por ello, la representaci\u00f3n popular pidi\u00f3 a la instituci\u00f3n encargada de la procuraci\u00f3n de justicia en la entidad, agilizar los procesos en la medida de sus facultades, pues de no hacerlo contribuyen a la impunidad de los agresores.<\/p>\n\n\n\n<p>El exhorto tambi\u00e9n pide considerar el involucramiento y coordinar acciones con la Secretar\u00eda de Seguridad P\u00fablica de Oaxaca, para hacer efectiva a la brevedad la orden judicial.<\/p>\n\n\n\n<p>El pasado 6 de abril, se detuvo a Juan A. V. C., el primer presunto autor intelectual de este delito.<\/p>\n\n\n\n<p>Antes se hab\u00eda aprehendido a Rub\u00e9n L. C., Ponciano H. y Rubicel H. R.,&nbsp; como probables autores materiales del ataque en contra de la saxofonista, Mar\u00eda Elena R\u00edos, quienes actualmente son procesados por las autoridades judiciales correspondientes.<\/p>\n","protected":false},"excerpt":{"rendered":"<p>Redacci\u00f3n\/Zona Roja. Oaxaca de Ju\u00e1rez, Oax., 15 de septiembre de 2020.- El Congreso local demand\u00f3&hellip;<\/p>\n","protected":false},"author":2,"featured_media":17630,"comment_status":"closed","ping_status":"open","sticky":false,"template":"","format":"standard","meta":{"_lmt_disableupdate":"","_lmt_disable":"","_jetpack_memberships_contains_paid_content":false,"footnotes":""},"categories":[109,47],"tags":[215],"class_list":["post-17629","post","type-post","status-publish","format-standard","has-post-thumbnail","hentry","category-minuto-a-minuto","category-zona-gris","tag-elisa-zepeda-lagunas"],"jetpack_featured_media_url":"https:\/\/zonaroja.com.mx\/wp-content\/uploads\/2020\/09\/Elisa-Zepeda-Punto-de-Acuerdo-Fiscalia.jpg","jetpack_sharing_enabled":true,"_links":{"self":[{"href":"https:\/\/zonaroja.com.mx\/index.php?rest_route=\/wp\/v2\/posts\/17629","targetHints":{"allow":["GET"]}}],"collection":[{"href":"https:\/\/zonaroja.com.mx\/index.php?rest_route=\/wp\/v2\/posts"}],"about":[{"href":"https:\/\/zonaroja.com.mx\/index.php?rest_route=\/wp\/v2\/types\/post"}],"author":[{"embeddable":true,"href":"https:\/\/zonaroja.com.mx\/index.php?rest_route=\/wp\/v2\/users\/2"}],"replies":[{"embeddable":true,"href":"https:\/\/zonaroja.com.mx\/index.php?rest_route=%2Fwp%2Fv2%2Fcomments&post=17629"}],"version-history":[{"count":1,"href":"https:\/\/zonaroja.com.mx\/index.php?rest_route=\/wp\/v2\/posts\/17629\/revisions"}],"predecessor-version":[{"id":17631,"href":"https:\/\/zonaroja.com.mx\/index.php?rest_route=\/wp\/v2\/posts\/17629\/revisions\/17631"}],"wp:featuredmedia":[{"embeddable":true,"href":"https:\/\/zonaroja.com.mx\/index.php?rest_route=\/wp\/v2\/media\/17630"}],"wp:attachment":[{"href":"https:\/\/zonaroja.com.mx\/index.php?rest_route=%2Fwp%2Fv2%2Fmedia&parent=17629"}],"wp:term":[{"taxonomy":"category","embeddable":true,"href":"https:\/\/zonaroja.com.mx\/index.php?rest_route=%2Fwp%2Fv2%2Fcategories&post=17629"},{"taxonomy":"post_tag","embeddable":true,"href":"https:\/\/zonaroja.com.mx\/index.php?rest_route=%2Fwp%2Fv2%2Ftags&post=17629"}],"curies":[{"name":"wp","href":"https:\/\/api.w.org\/{rel}","templated":true}]}}