{"id":17632,"date":"2020-09-15T20:33:04","date_gmt":"2020-09-16T01:33:04","guid":{"rendered":"http:\/\/www.zonaroja.com.mx\/?p=17632"},"modified":"2020-09-15T20:33:08","modified_gmt":"2020-09-16T01:33:08","slug":"marcha-feminista-antigrita-entre-exigencias-de-justicia-pintas-y-agresiones-a-reportera","status":"publish","type":"post","link":"https:\/\/zonaroja.com.mx\/?p=17632","title":{"rendered":"Marcha feminista \u201cantigrita\u201d, entre exigencias de justicia, pintas y agresiones a reportera"},"content":{"rendered":"\n<p>Redacci\u00f3n\/Zona Roja.<\/p>\n\n\n\n<p>Oaxaca de Ju\u00e1rez, Oax., 15 de septiembre de 2020.- Durante la jornada de protesta de colectivos feministas y ciudadanas, en exigencia de justicia por la violencia de g\u00e9nero en Oaxaca y el pa\u00eds, se registraron pintas a monumentos, fachadas de propiedad privada e inmuebles p\u00fablicos, as\u00ed como la agresi\u00f3n a una reportera mientras cubr\u00eda la actividad.&nbsp;<\/p>\n\n\n\n<p>Decenas de mujeres se movilizaron este martes en la actividad denominada \u201cAntigrita\u201d de Independencia, en la que reclamaron la inacci\u00f3n o tolerancia de las autoridades estatales, federales y locales para aplicar la ley en los feminicidios, desapariciones, violencia de g\u00e9nero en sus diferentes manifestaciones.<\/p>\n\n\n\n<p>El grupo de mujeres se reuni\u00f3 en la fuente de las Ocho Regiones, al norte de la capital, donde realizaron pintas al monumento cultural y entonaron \u201cCanci\u00f3n sin miedo\u201d, como himno de la lucha feminista en M\u00e9xico, para posteriormente dirigirse a la explanada de Santo Domingo de Guzm\u00e1n.<\/p>\n\n\n\n<figure class=\"wp-block-embed-twitter wp-block-embed is-type-rich is-provider-twitter\"><div class=\"wp-block-embed__wrapper\">\n<div class=\"twitter-tweet\"><blockquote class=\"twitter-tweet\" data-lang=\"es\"><p lang=\"es\" dir=\"ltr\"><a href=\"https:\/\/twitter.com\/hashtag\/%C3%9AltimoMinuto?src=hash&amp;ref_src=twsrc%5Etfw\">#\u00daltimoMinuto<\/a> <br>Colectivos feministas se re\u00fanen esta tarde en la fuente de las Ocho Regiones de <a href=\"https:\/\/twitter.com\/hashtag\/Oaxaca?src=hash&amp;ref_src=twsrc%5Etfw\">#Oaxaca<\/a> capital; unen sus voces a nivel nacional para exigir justicia por los feminicidios y alto a la violencia de g\u00e9nero. <a href=\"https:\/\/t.co\/KRaL2e8CcG\">pic.twitter.com\/KRaL2e8CcG<\/a><\/p>&mdash; Zona Roja Oaxaca (@MexRoja) <a href=\"https:\/\/twitter.com\/MexRoja\/status\/1305975414674862081?ref_src=twsrc%5Etfw\">15 de septiembre de 2020<\/a><\/blockquote><\/div>\n<\/div><\/figure>\n\n\n\n<p>\u201cNo hay independencia donde hay feminicidios\u201d, fue el mensaje principal en la manta que encabez\u00f3 la marcha la tarde de este martes, en la que tambi\u00e9n resaltaron banderas verde, blanco y morado, como su emblema.<\/p>\n\n\n\n<p>A su paso, los manifestantes pintaron consignas con aerosol sobre fachadas de distintos negocios, entre estos una agencia automotriz en la que marcaron a veh\u00edculos, as\u00ed como una tienda de conveniencia.<\/p>\n\n\n\n<p>Durante la marcha, en la que qued\u00f3 prohibida la participaci\u00f3n y cobertura por varones, la reportera del diario \u201cEl Imparcial\u201d de Oaxaca, Melina Hern\u00e1ndez, fue agredida f\u00edsicamente. La joven reportera fue pintarrajeada en la cara y adem\u00e1s le arrebataron su celular cuando transmit\u00eda la manifestaci\u00f3n; posteriormente se lo regresaron.<\/p>\n\n\n\n<figure class=\"wp-block-embed-twitter wp-block-embed is-type-rich is-provider-twitter\"><div class=\"wp-block-embed__wrapper\">\n<div class=\"twitter-tweet\"><blockquote class=\"twitter-tweet\" data-lang=\"es\"><p lang=\"es\" dir=\"ltr\"><a href=\"https:\/\/twitter.com\/hashtag\/%C3%9AltimoMinuto?src=hash&amp;ref_src=twsrc%5Etfw\">#\u00daltimoMinuto<\/a> <br>En su jornada de protesta denominada \u201cAntigrita\u201d de Independencia, mujeres que protestan contra la violencia de g\u00e9nero, cantaron parte del Himno Nacional en la fuente de las Ocho Regiones de la ciudad de Oaxaca y partieron en marcha hacia el Centro Hist\u00f3rico. <a href=\"https:\/\/t.co\/xjLBew8XjY\">pic.twitter.com\/xjLBew8XjY<\/a><\/p>&mdash; Zona Roja Oaxaca (@MexRoja) <a href=\"https:\/\/twitter.com\/MexRoja\/status\/1305983889731735552?ref_src=twsrc%5Etfw\">15 de septiembre de 2020<\/a><\/blockquote><\/div>\n<\/div><\/figure>\n\n\n\n<p>Tambi\u00e9n, a su paso por el Centro Hist\u00f3rico de la capital, incendiaron una de las banderas que portaban a la puerta de un hotel ubicado a un costado del parque Ju\u00e1rez \u201cEl Llano\u201d, pero el acto vand\u00e1lico no prosper\u00f3 debido a la lluvia que se present\u00f3 en medio de su actividad.<\/p>\n\n\n\n<p>Posteriormente, otro contingente arrib\u00f3 a la explanada del templo de Santo Domingo de Guzm\u00e1n, donde entonaron de nuevo su himno y despu\u00e9s se dispersaron. Las manifestaciones cesaron debido a las intensas lluvias.<\/p>\n\n\n\n<figure class=\"wp-block-embed-twitter wp-block-embed is-type-rich is-provider-twitter\"><div class=\"wp-block-embed__wrapper\">\n<div class=\"twitter-tweet\"><blockquote class=\"twitter-tweet\" data-lang=\"es\"><p lang=\"es\" dir=\"ltr\"><a href=\"https:\/\/twitter.com\/hashtag\/%C3%9AltimoMinuto?src=hash&amp;ref_src=twsrc%5Etfw\">#\u00daltimoMinuto<\/a> <br>Durante su marcha al centro de la capital oaxaque\u00f1a, algunas integrantes de colectivos feministas realizan actos vand\u00e1licos en inmuebles p\u00fablicos y privados. <a href=\"https:\/\/t.co\/CrbwUgwiPf\">pic.twitter.com\/CrbwUgwiPf<\/a><\/p>&mdash; Zona Roja Oaxaca (@MexRoja) <a href=\"https:\/\/twitter.com\/MexRoja\/status\/1305992699003142146?ref_src=twsrc%5Etfw\">15 de septiembre de 2020<\/a><\/blockquote><\/div>\n<\/div><\/figure>\n","protected":false},"excerpt":{"rendered":"<p>Redacci\u00f3n\/Zona Roja. Oaxaca de Ju\u00e1rez, Oax., 15 de septiembre de 2020.- Durante la jornada de&hellip;<\/p>\n","protected":false},"author":2,"featured_media":17633,"comment_status":"closed","ping_status":"open","sticky":false,"template":"","format":"standard","meta":{"_lmt_disableupdate":"","_lmt_disable":"","_jetpack_memberships_contains_paid_content":false,"footnotes":""},"categories":[109,47],"tags":[2015],"class_list":["post-17632","post","type-post","status-publish","format-standard","has-post-thumbnail","hentry","category-minuto-a-minuto","category-zona-gris","tag-marcha-feminista-en-oaxaca"],"jetpack_featured_media_url":"https:\/\/zonaroja.com.mx\/wp-content\/uploads\/2020\/09\/Reportera-Melina-Hernandez.png","jetpack_sharing_enabled":true,"_links":{"self":[{"href":"https:\/\/zonaroja.com.mx\/index.php?rest_route=\/wp\/v2\/posts\/17632","targetHints":{"allow":["GET"]}}],"collection":[{"href":"https:\/\/zonaroja.com.mx\/index.php?rest_route=\/wp\/v2\/posts"}],"about":[{"href":"https:\/\/zonaroja.com.mx\/index.php?rest_route=\/wp\/v2\/types\/post"}],"author":[{"embeddable":true,"href":"https:\/\/zonaroja.com.mx\/index.php?rest_route=\/wp\/v2\/users\/2"}],"replies":[{"embeddable":true,"href":"https:\/\/zonaroja.com.mx\/index.php?rest_route=%2Fwp%2Fv2%2Fcomments&post=17632"}],"version-history":[{"count":1,"href":"https:\/\/zonaroja.com.mx\/index.php?rest_route=\/wp\/v2\/posts\/17632\/revisions"}],"predecessor-version":[{"id":17634,"href":"https:\/\/zonaroja.com.mx\/index.php?rest_route=\/wp\/v2\/posts\/17632\/revisions\/17634"}],"wp:featuredmedia":[{"embeddable":true,"href":"https:\/\/zonaroja.com.mx\/index.php?rest_route=\/wp\/v2\/media\/17633"}],"wp:attachment":[{"href":"https:\/\/zonaroja.com.mx\/index.php?rest_route=%2Fwp%2Fv2%2Fmedia&parent=17632"}],"wp:term":[{"taxonomy":"category","embeddable":true,"href":"https:\/\/zonaroja.com.mx\/index.php?rest_route=%2Fwp%2Fv2%2Fcategories&post=17632"},{"taxonomy":"post_tag","embeddable":true,"href":"https:\/\/zonaroja.com.mx\/index.php?rest_route=%2Fwp%2Fv2%2Ftags&post=17632"}],"curies":[{"name":"wp","href":"https:\/\/api.w.org\/{rel}","templated":true}]}}