{"id":17635,"date":"2020-09-15T22:03:31","date_gmt":"2020-09-16T03:03:31","guid":{"rendered":"http:\/\/www.zonaroja.com.mx\/?p=17635"},"modified":"2020-09-15T22:03:38","modified_gmt":"2020-09-16T03:03:38","slug":"seccion-35-de-sntsa-anuncia-movilizacion-en-cdmx-y-asamblea-permanente","status":"publish","type":"post","link":"https:\/\/zonaroja.com.mx\/?p=17635","title":{"rendered":"Secci\u00f3n 35 de SNTSA anuncia movilizaci\u00f3n en Cdmx y asamblea permanente"},"content":{"rendered":"\n<p>Yuridiana Sosa\/Zona Roja.<\/p>\n\n\n\n<p>Oaxaca de Ju\u00e1rez, Oax., 15 de septiembre de 2020.- Por la falta de soluci\u00f3n a necesidades laborales y sanitarias en el sector salud de Oaxaca, la Secci\u00f3n 35 del Sindicato Nacional de Trabajadores de la Secretar\u00eda de Salud (SNTSSA) anunci\u00f3 el inicio de una jornada de protesta que llegar\u00eda hasta la Ciudad de M\u00e9xico para exigir atenci\u00f3n del presidente Andr\u00e9s Manuel L\u00f3pez Obrador y la direcci\u00f3n del ISSSTE.<\/p>\n\n\n\n<p>En conferencia de prensa, el secretario general de la gremial, Mario F\u00e9lix Pacheco, se\u00f1al\u00f3 que el Gobierno del Estado debe a los trabajadores el pago del bono Covid, cuentas de pago a terceros institucionales como es el del Fovissste, entrega del efectivo equivalente a los uniformes, despensas alimenticias, adem\u00e1s de los insumos m\u00e9dicos para atender la contingencia.<\/p>\n\n\n\n<p>Cada una de las demandas se han expuesto con anterioridad ante el secretario de Salud de Oaxaca, Donato Casas Escamilla, sin recibir atenciones y soluciones, por lo que el sindicato exigi\u00f3 una mesa de trabajo con el gobernador Alejandro Murat.<\/p>\n\n\n\n<p>De no obtener respuestas satisfactorias en el transcurso de esta semana, la Secci\u00f3n 35 comenzar\u00e1 una jornada de protesta el pr\u00f3ximo lunes con la instalaci\u00f3n de la asamblea permanente, as\u00ed como acudir a la ciudad de M\u00e9xico para demandar un di\u00e1logo con el presidente de la rep\u00fablica y el director del ISSSTE, Luis Antonio Ram\u00edrez Pineda.<\/p>\n\n\n\n<figure class=\"wp-block-embed-twitter wp-block-embed is-type-rich is-provider-twitter\"><div class=\"wp-block-embed__wrapper\">\n<div class=\"twitter-tweet\"><blockquote class=\"twitter-tweet\" data-lang=\"es\"><p lang=\"es\" dir=\"ltr\">(1)<br>En la conferencia de prensa de la Secci\u00f3n 35 del Sindicato Nacional de Trabajadores de la Secretar\u00eda de Salud, dirigencia y delegados exigieron al gobernador <a href=\"https:\/\/twitter.com\/alejandromurat?ref_src=twsrc%5Etfw\">@alejandromurat<\/a> el pago del bono al personal que ha luchado contra el Covid-19 en Oaxaca. <a href=\"https:\/\/t.co\/ZJxUakxCfP\">pic.twitter.com\/ZJxUakxCfP<\/a><\/p>&mdash; Zona Roja Oaxaca (@MexRoja) <a href=\"https:\/\/twitter.com\/MexRoja\/status\/1306062326953512960?ref_src=twsrc%5Etfw\">16 de septiembre de 2020<\/a><\/blockquote><\/div>\n<\/div><\/figure>\n\n\n\n<p>El Gobierno del Estado mantiene un adeudo al Fovissste desde el segundo semestre del 2019 y de m\u00e1s de 200 millones de pesos en lo que va del 2020. Este retraso ha generado que miles de trabajadores no puedan acceder a concursar para obtener una casa y los pr\u00f3ximos jubilados no accedan a un retiro digno.<\/p>\n\n\n\n<p>Acompa\u00f1ado por los delegados, el secretario general precis\u00f3 que el gobierno inform\u00f3 que no ten\u00eda fondos para pagar los bonos Covid, de m\u00e1s de 90 millones que se destinar\u00eda s\u00f3lo cuentan con 20 millones a pesar que desde el inicio de la contingencia mantiene descuentos a los trabajadores de confianza del gobierno supuestamente para recaudar este fondo.<\/p>\n\n\n\n<figure class=\"wp-block-embed-twitter wp-block-embed is-type-rich is-provider-twitter\"><div class=\"wp-block-embed__wrapper\">\n<div class=\"twitter-tweet\"><blockquote class=\"twitter-tweet\" data-lang=\"es\"><p lang=\"es\" dir=\"ltr\">(2)<br>Sin acuerdo tambi\u00e9n por parte del gobierno de Alejandro Murat, sobre el pago a terceros, dinero que no existe, que dej\u00f3 de pagar al ISSSTE y otras instituciones, lo cual afecta a los trabajadores, dijo la Secci\u00f3n 35; lament\u00f3 que titular de los SSO no los atienda. <a href=\"https:\/\/t.co\/vwUmiyaHbw\">pic.twitter.com\/vwUmiyaHbw<\/a><\/p>&mdash; Zona Roja Oaxaca (@MexRoja) <a href=\"https:\/\/twitter.com\/MexRoja\/status\/1306064108064657408?ref_src=twsrc%5Etfw\">16 de septiembre de 2020<\/a><\/blockquote><\/div>\n<\/div><\/figure>\n\n\n\n<p>Sin embargo, los trabajadores exigieron su pago inmediato de 10 mil para cada uno de los que se mantuvieron activos en las distintas \u00e1reas; adem\u00e1s, desde hace cuatro meses solicitaron el pago en efectivo de los uniformes, pero no cuentan con informaci\u00f3n sobre este proceso y desconocen el motivo por el que dejaron de solventar en el derecho laboral por concepto de despensas.<\/p>\n\n\n\n<p>La Secci\u00f3n 35 se ha manifestado desde el inicio de la contingencia por Covid- 19 por la falta de insumos m\u00e9dicos, equipo de protecci\u00f3n personal, pruebas para todos los trabajadores y acciones de limpieza para todos los hospitales y centros de salud, pero no han recibido la atenci\u00f3n suficiente e incluso ni siquiera se han solventado las necesidades.<\/p>\n\n\n\n<figure class=\"wp-block-embed-twitter wp-block-embed is-type-rich is-provider-twitter\"><div class=\"wp-block-embed__wrapper\">\n<div class=\"twitter-tweet\"><blockquote class=\"twitter-tweet\" data-lang=\"es\"><p lang=\"es\" dir=\"ltr\"><a href=\"https:\/\/twitter.com\/hashtag\/ENVIVO?src=hash&amp;ref_src=twsrc%5Etfw\">#ENVIVO<\/a><br>Oaxaca de Ju\u00e1rez, Oax., 15 de septiembre de 2020.- Conferencia de prensa de la Secci\u00f3n 35 del Sindicato Nacional de Trabajadores de la Secretar\u00eda de Salud. <br><br>Aqu\u00ed la transmisi\u00f3n \ud83d\udc47<a href=\"https:\/\/t.co\/X8P82adhzV\">https:\/\/t.co\/X8P82adhzV<\/a> <a href=\"https:\/\/t.co\/eyyLLDZ0Mc\">pic.twitter.com\/eyyLLDZ0Mc<\/a><\/p>&mdash; Zona Roja Oaxaca (@MexRoja) <a href=\"https:\/\/twitter.com\/MexRoja\/status\/1305909954763657218?ref_src=twsrc%5Etfw\">15 de septiembre de 2020<\/a><\/blockquote><\/div>\n<\/div><\/figure>\n","protected":false},"excerpt":{"rendered":"<p>Yuridiana Sosa\/Zona Roja. Oaxaca de Ju\u00e1rez, Oax., 15 de septiembre de 2020.- Por la falta&hellip;<\/p>\n","protected":false},"author":2,"featured_media":17636,"comment_status":"closed","ping_status":"open","sticky":false,"template":"","format":"standard","meta":{"_lmt_disableupdate":"","_lmt_disable":"","_jetpack_memberships_contains_paid_content":false,"footnotes":""},"categories":[109,47],"tags":[1653],"class_list":["post-17635","post","type-post","status-publish","format-standard","has-post-thumbnail","hentry","category-minuto-a-minuto","category-zona-gris","tag-seccion-35-sindicato-nacional-de-trabajadores-de-la-secretaria-de-salud"],"jetpack_featured_media_url":"https:\/\/zonaroja.com.mx\/wp-content\/uploads\/2020\/09\/Conferencia-Seccion-35.jpg","jetpack_sharing_enabled":true,"_links":{"self":[{"href":"https:\/\/zonaroja.com.mx\/index.php?rest_route=\/wp\/v2\/posts\/17635","targetHints":{"allow":["GET"]}}],"collection":[{"href":"https:\/\/zonaroja.com.mx\/index.php?rest_route=\/wp\/v2\/posts"}],"about":[{"href":"https:\/\/zonaroja.com.mx\/index.php?rest_route=\/wp\/v2\/types\/post"}],"author":[{"embeddable":true,"href":"https:\/\/zonaroja.com.mx\/index.php?rest_route=\/wp\/v2\/users\/2"}],"replies":[{"embeddable":true,"href":"https:\/\/zonaroja.com.mx\/index.php?rest_route=%2Fwp%2Fv2%2Fcomments&post=17635"}],"version-history":[{"count":1,"href":"https:\/\/zonaroja.com.mx\/index.php?rest_route=\/wp\/v2\/posts\/17635\/revisions"}],"predecessor-version":[{"id":17637,"href":"https:\/\/zonaroja.com.mx\/index.php?rest_route=\/wp\/v2\/posts\/17635\/revisions\/17637"}],"wp:featuredmedia":[{"embeddable":true,"href":"https:\/\/zonaroja.com.mx\/index.php?rest_route=\/wp\/v2\/media\/17636"}],"wp:attachment":[{"href":"https:\/\/zonaroja.com.mx\/index.php?rest_route=%2Fwp%2Fv2%2Fmedia&parent=17635"}],"wp:term":[{"taxonomy":"category","embeddable":true,"href":"https:\/\/zonaroja.com.mx\/index.php?rest_route=%2Fwp%2Fv2%2Fcategories&post=17635"},{"taxonomy":"post_tag","embeddable":true,"href":"https:\/\/zonaroja.com.mx\/index.php?rest_route=%2Fwp%2Fv2%2Ftags&post=17635"}],"curies":[{"name":"wp","href":"https:\/\/api.w.org\/{rel}","templated":true}]}}