{"id":17638,"date":"2020-09-15T22:10:37","date_gmt":"2020-09-16T03:10:37","guid":{"rendered":"http:\/\/www.zonaroja.com.mx\/?p=17638"},"modified":"2020-09-15T22:10:43","modified_gmt":"2020-09-16T03:10:43","slug":"segundo-dia-en-semaforo-naranja-siete-decesos-y-55-positivos-a-covid","status":"publish","type":"post","link":"https:\/\/zonaroja.com.mx\/?p=17638","title":{"rendered":"Segundo d\u00eda en sem\u00e1foro naranja: siete decesos y 55 positivos a Covid"},"content":{"rendered":"\n<p>Redacci\u00f3n\/Zona Roja.<\/p>\n\n\n\n<p>Oaxaca de Ju\u00e1rez, Oax. 15 de septiembre de 2020.- Los Servicios de Salud de Oaxaca (SSO), recomiendan a la poblaci\u00f3n evitar reuniones durante las fiestas patrias con motivo del 210 aniversario del Grito de Independencia, para prevenir contagios por COVID-19 y seguir con las medidas preventivas como el uso del cubrebocas, sana distancia y lavado constante de manos con agua y jab\u00f3n.<\/p>\n\n\n\n<p>Y es que este martes 15 de septiembre, de acuerdo con el comunicado t\u00e9cnico diario, se han registrado 55 casos nuevos de Covid-19 en 21 municipios, que suman 14 mil 980 acumulados en toda la entidad.<\/p>\n\n\n\n<p>Seg\u00fan un comunicado de prensa, se han notificado 22 mil 369 casos, de los cuales seis mil 640 han sido negativos, 749 son sospechosos en espera de resultados por laboratorio, 13 mil 167 se han recuperado y siete decesos que suman mil 371 defunciones.<\/p>\n\n\n\n<p>La Jurisdicci\u00f3n Sanitaria n\u00famero uno Valles Centrales, contabiliza nueve mil 986 casos confirmados y 656 defunciones; Tuxtepec mil 639 y 239 defunciones; Istmo mil 525 y 269 defunciones; Mixteca 936 y 93 defunciones; Costa 643 y 73 defunciones y la Sierra 251 y 41 defunciones.<\/p>\n\n\n\n<figure class=\"wp-block-embed-twitter wp-block-embed is-type-rich is-provider-twitter\"><div class=\"wp-block-embed__wrapper\">\n<div class=\"twitter-tweet\"><blockquote class=\"twitter-tweet\" data-lang=\"es\"><p lang=\"es\" dir=\"ltr\"><a href=\"https:\/\/twitter.com\/hashtag\/Oaxaca?src=hash&amp;ref_src=twsrc%5Etfw\">#Oaxaca<\/a> registr\u00f3 hoy martes 15 de septiembre, nuevos casos positivos  de <a href=\"https:\/\/twitter.com\/hashtag\/COVID19?src=hash&amp;ref_src=twsrc%5Etfw\">#COVID19<\/a> en 21 municipios. <br><br>La epidemia no ha terminado, todas y todos debemos cumplir con la responsabilidad del autocuidado de la <a href=\"https:\/\/twitter.com\/hashtag\/Salud?src=hash&amp;ref_src=twsrc%5Etfw\">#Salud<\/a>. <br><br>Este <a href=\"https:\/\/twitter.com\/hashtag\/15DeSeptiembre?src=hash&amp;ref_src=twsrc%5Etfw\">#15DeSeptiembre<\/a>, <a href=\"https:\/\/twitter.com\/hashtag\/CelebraEnCasa?src=hash&amp;ref_src=twsrc%5Etfw\">#CelebraEnCasa<\/a>. <a href=\"https:\/\/t.co\/kEfw4kGCY7\">pic.twitter.com\/kEfw4kGCY7<\/a><\/p>&mdash; Servicios de Salud (@SSO_GobOax) <a href=\"https:\/\/twitter.com\/SSO_GobOax\/status\/1306038136867368960?ref_src=twsrc%5Etfw\">16 de septiembre de 2020<\/a><\/blockquote><\/div>\n<\/div><\/figure>\n\n\n\n<p>Los 55 casos nuevos se distribuyen en 21 municipios, siendo los que registran el mayor n\u00famero de casos: Oaxaca de Ju\u00e1rez con 27, Santa Luc\u00eda del Camino seis, Santa Cruz Xoxocotl\u00e1n tres, Santiago Suchilquitongo dos, y el resto un solo caso.<\/p>\n\n\n\n<p>De los 14 mil 980 casos confirmados, ocho mil 171 son hombres y seis mil 809 mujeres; por tipo de atenci\u00f3n tres mil 213 casos fueron hospitalizados y 11 mil 767 son ambulatorios.<\/p>\n\n\n\n<p>El porcentaje de camas ocupadas global es de 29.8%, de los cuales los hospitales que mayor n\u00famero registran son el HRAEO con 71.4%, ISSSTE 47.5%, PEMEX 41.7%. En relaci\u00f3n a las camas sin ventilados el porcentaje de ocupaci\u00f3n es del 35.4% y con ventilador 21%.<\/p>\n\n\n\n<p>Finalmente exhort\u00f3 a seguir utilizando el cubrebocas, para salvaguardar la vida y la salud; por lo que recomend\u00f3 usarlo siempre al salir de casa; evitar tocarlo, cubrir nariz y barbilla, no compartirlo y retirarlo por detr\u00e1s sin tocar el frente.<\/p>\n","protected":false},"excerpt":{"rendered":"<p>Redacci\u00f3n\/Zona Roja. Oaxaca de Ju\u00e1rez, Oax. 15 de septiembre de 2020.- Los Servicios de Salud&hellip;<\/p>\n","protected":false},"author":2,"featured_media":17639,"comment_status":"closed","ping_status":"open","sticky":false,"template":"","format":"standard","meta":{"_lmt_disableupdate":"","_lmt_disable":"","_jetpack_memberships_contains_paid_content":false,"footnotes":""},"categories":[109,47],"tags":[1512],"class_list":["post-17638","post","type-post","status-publish","format-standard","has-post-thumbnail","hentry","category-minuto-a-minuto","category-zona-gris","tag-coronavirus-oaxaca"],"jetpack_featured_media_url":"https:\/\/zonaroja.com.mx\/wp-content\/uploads\/2020\/09\/SSO-1-1-3.jpeg","jetpack_sharing_enabled":true,"_links":{"self":[{"href":"https:\/\/zonaroja.com.mx\/index.php?rest_route=\/wp\/v2\/posts\/17638","targetHints":{"allow":["GET"]}}],"collection":[{"href":"https:\/\/zonaroja.com.mx\/index.php?rest_route=\/wp\/v2\/posts"}],"about":[{"href":"https:\/\/zonaroja.com.mx\/index.php?rest_route=\/wp\/v2\/types\/post"}],"author":[{"embeddable":true,"href":"https:\/\/zonaroja.com.mx\/index.php?rest_route=\/wp\/v2\/users\/2"}],"replies":[{"embeddable":true,"href":"https:\/\/zonaroja.com.mx\/index.php?rest_route=%2Fwp%2Fv2%2Fcomments&post=17638"}],"version-history":[{"count":1,"href":"https:\/\/zonaroja.com.mx\/index.php?rest_route=\/wp\/v2\/posts\/17638\/revisions"}],"predecessor-version":[{"id":17640,"href":"https:\/\/zonaroja.com.mx\/index.php?rest_route=\/wp\/v2\/posts\/17638\/revisions\/17640"}],"wp:featuredmedia":[{"embeddable":true,"href":"https:\/\/zonaroja.com.mx\/index.php?rest_route=\/wp\/v2\/media\/17639"}],"wp:attachment":[{"href":"https:\/\/zonaroja.com.mx\/index.php?rest_route=%2Fwp%2Fv2%2Fmedia&parent=17638"}],"wp:term":[{"taxonomy":"category","embeddable":true,"href":"https:\/\/zonaroja.com.mx\/index.php?rest_route=%2Fwp%2Fv2%2Fcategories&post=17638"},{"taxonomy":"post_tag","embeddable":true,"href":"https:\/\/zonaroja.com.mx\/index.php?rest_route=%2Fwp%2Fv2%2Ftags&post=17638"}],"curies":[{"name":"wp","href":"https:\/\/api.w.org\/{rel}","templated":true}]}}