{"id":17644,"date":"2020-09-16T07:58:48","date_gmt":"2020-09-16T12:58:48","guid":{"rendered":"http:\/\/www.zonaroja.com.mx\/?p=17644"},"modified":"2020-09-16T07:58:51","modified_gmt":"2020-09-16T12:58:51","slug":"apoya-la-amic-la-proteccion-a-la-salud-de-los-oaxaquenos-ante-el-covid","status":"publish","type":"post","link":"https:\/\/zonaroja.com.mx\/?p=17644","title":{"rendered":"Apoya la AMIC la protecci\u00f3n a la salud de los oaxaque\u00f1os, ante el Covid"},"content":{"rendered":"\n<p>Redacci\u00f3n\/Zona Roja.<\/p>\n\n\n\n<p>Oaxaca de Ju\u00e1rez, Oax., 16 de septiembre de 2020.- La Asociaci\u00f3n Mexicana de la Industria de la Construcci\u00f3n (AMIC) despleg\u00f3 nuevamente las Brigadas AMIC en la ciudad de Oaxaca, ante el cambio a color naranja del sem\u00e1foro epidemiol\u00f3gico, con la finalidad de dotar de equipo de protecci\u00f3n a la ciudadan\u00eda, por el incremento en los riesgos de contagio.<\/p>\n\n\n\n<p>Ahora se entregaron caretas y cubrebocas a choferes y usuarios del transporte p\u00fablico, uno de los sitios identificados por los especialistas como uno de los principales puntos de contagios del coronavirus.<\/p>\n\n\n\n<p>De acuerdo con el presidente de la AMIC Oaxaca, Javier Ch\u00e1vez, las brigadas AMIC entregaron m\u00e1s de 200 caretas y alrededor de mil cubrebocas para la protecci\u00f3n, tanto de choferes del transporte p\u00fablico, como de las personas que tienen la necesidad de utilizar este medio de transporte.<\/p>\n\n\n\n<p>\u201cSabemos que con el cambio a color naranja del sem\u00e1foro epidemiol\u00f3gico, el riesgo de contagio se incrementa de manera importante y una de las razones por las que fueron creadas las brigadas AMIC, es para ayudar a la poblaci\u00f3n m\u00e1s vulnerable\u201d, indic\u00f3 en entrevista.<\/p>\n\n\n\n<p>Los brigadistas de la AMIC recorrieron varias rutas del transporte p\u00fablico para poder identificar a personas vulnerables que no contaban con protecci\u00f3n para evitar los contagios de covid-19.<\/p>\n\n\n\n<p>As\u00ed, buena parte de las caretas fueron dotadas a choferes del transporte p\u00fablico que recorren varias rutas de la ciudad, al igual que los cubrebocas y en el caso de<\/p>\n\n\n\n<p>los pasajeros, se busc\u00f3 de manera intencionada la poblaci\u00f3n m\u00e1s necesitada del equipo de protecci\u00f3n.<\/p>\n\n\n\n<p>\u201cPudimos notar que muchas de las personas que utilizan el transporte p\u00fablico, son personas de la tercera edad, personas vulnerables que deber\u00edan estar en casa, pero como muchos tienen la necesidad de salir, hicimos la contribuci\u00f3n a nombre de todos los que integramos las Brigadas AMIC, para que puedan hacerlo, disminuyendo los riesgos de enfermarse con este virus, se\u00f1al\u00f3 Javier Ch\u00e1vez.<\/p>\n\n\n\n<p>Aunque en esta ocasi\u00f3n las brigadas s\u00f3lo llevaban caretas y cubrebocas, tambi\u00e9n se reparti\u00f3 una peque\u00f1a dotaci\u00f3n de gel antibacterial y durante el intercambio de informaci\u00f3n con los usuarios de transporte p\u00fablico, coincidieron en que es necesario que se refuercen las medidas de prevenci\u00f3n, en todos los \u00e1mbitos de la vida cotidiana de los oaxaque\u00f1os.<\/p>\n\n\n\n<p>\u201cEs una incongruencia que, a sabiendas que el transporte p\u00fablico puede ser uno de los principales focos de infecci\u00f3n, no est\u00e9n dotados de dispensadores de gel antibacterial y que les permitan el acceso a personas que no utilizan el cubrebocas.<\/p>\n\n\n\n<p>\u201cEs una negligencia de los concesionarios del transporte p\u00fablico, pero tambi\u00e9n de las autoridades que no lo exigen como un requisito para el uso del servicio\u201d, dijo el dirigente de los constructores oaxaque\u00f1os.<\/p>\n\n\n\n<p>La Asociaci\u00f3n Mexicana de la Industria de la Construcci\u00f3n prepara una propuesta para entregarla a las autoridades estatales y municipales, sobre c\u00f3mo se puede mejorar el servicio de transporte p\u00fablico y sobre todo, como potenciar las medidas de prevenci\u00f3n, derivado del intercambio de informaci\u00f3n con los usuarios de este servicio.<\/p>\n","protected":false},"excerpt":{"rendered":"<p>Redacci\u00f3n\/Zona Roja. Oaxaca de Ju\u00e1rez, Oax., 16 de septiembre de 2020.- La Asociaci\u00f3n Mexicana de&hellip;<\/p>\n","protected":false},"author":2,"featured_media":17645,"comment_status":"closed","ping_status":"open","sticky":false,"template":"","format":"standard","meta":{"_lmt_disableupdate":"","_lmt_disable":"","_jetpack_memberships_contains_paid_content":false,"footnotes":""},"categories":[109,46],"tags":[1918,1924],"class_list":["post-17644","post","type-post","status-publish","format-standard","has-post-thumbnail","hentry","category-minuto-a-minuto","category-zona-blanca","tag-asociacion-mexicana-de-la-industria-de-la-construccion","tag-hector-javier-chavez-rosales"],"jetpack_featured_media_url":"https:\/\/zonaroja.com.mx\/wp-content\/uploads\/2020\/09\/Apoyo-AMIC-covid.jpg","jetpack_sharing_enabled":true,"_links":{"self":[{"href":"https:\/\/zonaroja.com.mx\/index.php?rest_route=\/wp\/v2\/posts\/17644","targetHints":{"allow":["GET"]}}],"collection":[{"href":"https:\/\/zonaroja.com.mx\/index.php?rest_route=\/wp\/v2\/posts"}],"about":[{"href":"https:\/\/zonaroja.com.mx\/index.php?rest_route=\/wp\/v2\/types\/post"}],"author":[{"embeddable":true,"href":"https:\/\/zonaroja.com.mx\/index.php?rest_route=\/wp\/v2\/users\/2"}],"replies":[{"embeddable":true,"href":"https:\/\/zonaroja.com.mx\/index.php?rest_route=%2Fwp%2Fv2%2Fcomments&post=17644"}],"version-history":[{"count":1,"href":"https:\/\/zonaroja.com.mx\/index.php?rest_route=\/wp\/v2\/posts\/17644\/revisions"}],"predecessor-version":[{"id":17646,"href":"https:\/\/zonaroja.com.mx\/index.php?rest_route=\/wp\/v2\/posts\/17644\/revisions\/17646"}],"wp:featuredmedia":[{"embeddable":true,"href":"https:\/\/zonaroja.com.mx\/index.php?rest_route=\/wp\/v2\/media\/17645"}],"wp:attachment":[{"href":"https:\/\/zonaroja.com.mx\/index.php?rest_route=%2Fwp%2Fv2%2Fmedia&parent=17644"}],"wp:term":[{"taxonomy":"category","embeddable":true,"href":"https:\/\/zonaroja.com.mx\/index.php?rest_route=%2Fwp%2Fv2%2Fcategories&post=17644"},{"taxonomy":"post_tag","embeddable":true,"href":"https:\/\/zonaroja.com.mx\/index.php?rest_route=%2Fwp%2Fv2%2Ftags&post=17644"}],"curies":[{"name":"wp","href":"https:\/\/api.w.org\/{rel}","templated":true}]}}