{"id":17647,"date":"2020-09-16T08:15:25","date_gmt":"2020-09-16T13:15:25","guid":{"rendered":"http:\/\/www.zonaroja.com.mx\/?p=17647"},"modified":"2020-09-16T08:29:50","modified_gmt":"2020-09-16T13:29:50","slug":"de-mas-de-100-anos-y-15-metros-de-altura-el-laurel-caido-en-el-zocalo","status":"publish","type":"post","link":"https:\/\/zonaroja.com.mx\/?p=17647","title":{"rendered":"De m\u00e1s de 100 a\u00f1os y 15 metros de altura, el laurel ca\u00eddo en el z\u00f3calo"},"content":{"rendered":"\n<p>Redacci\u00f3n\/Zona Roja.<\/p>\n\n\n\n<p>Oaxaca de Ju\u00e1rez, Oaxaca, a 15 de septiembre de 2020.- El laurel de la India que cay\u00f3 ayer en el z\u00f3calo de la ciudad de Oaxaca ten\u00eda una altura aproximada de 15 metros, un peso aproximado de 12 toneladas, as\u00ed como una edad superior a los 100 a\u00f1os, inform\u00f3 el ayuntamiento capitalino.<\/p>\n\n\n\n<p>El a\u00f1oso ejemplar estaba sembrada en una jardinera del lado poniente del Jard\u00edn de la Constituci\u00f3n y una parte de sus ramas alcanz\u00f3 el portal de Las Flores; no se reportaron da\u00f1os materiales ni v\u00edctimas.<\/p>\n\n\n\n<p>Hasta la ma\u00f1ana de hoy continuaban las labores de destrozo del \u00e1rbol, con el apoyo de personal del Heroico Cuerpo de Bomberos, y hasta el momento la autoridad municipal no ha anunciado la reposici\u00f3n del laurel.<\/p>\n\n\n\n<figure class=\"wp-block-embed-twitter wp-block-embed is-type-rich is-provider-twitter\"><div class=\"wp-block-embed__wrapper\">\n<div class=\"twitter-tweet\"><blockquote class=\"twitter-tweet\" data-lang=\"es\"><p lang=\"es\" dir=\"ltr\"><a href=\"https:\/\/twitter.com\/hashtag\/%C3%9AltimoMinuto?src=hash&amp;ref_src=twsrc%5Etfw\">#\u00daltimoMinuto<\/a> <br>Un a\u00f1oso <a href=\"https:\/\/twitter.com\/hashtag\/laurel?src=hash&amp;ref_src=twsrc%5Etfw\">#laurel<\/a> de la India cay\u00f3 esta tarde en la parte poniente del z\u00f3calo de la ciudad de <a href=\"https:\/\/twitter.com\/hashtag\/Oaxaca?src=hash&amp;ref_src=twsrc%5Etfw\">#Oaxaca<\/a>; algunas ramas alcanzaron parte de un portal. No se reportan da\u00f1os materiales. <a href=\"https:\/\/t.co\/xiMWKwPzEt\">pic.twitter.com\/xiMWKwPzEt<\/a><\/p>&mdash; Zona Roja Oaxaca (@MexRoja) <a href=\"https:\/\/twitter.com\/MexRoja\/status\/1306032901121744897?ref_src=twsrc%5Etfw\">16 de septiembre de 2020<\/a><\/blockquote><\/div>\n<\/div><\/figure>\n\n\n\n<p>Seg\u00fan inform\u00f3 en un comunicado, la ca\u00edda fue como consecuencia de la lluvia que se present\u00f3 derivada del sistema frontal n\u00famero tres, as\u00ed como de un canal de baja presi\u00f3n y por el paso de la Onda Tropical 35 que transita por el territorio oaxaque\u00f1o.<\/p>\n\n\n\n<p>Seg\u00fan el subdirector de Medio Ambiente del ayuntamiento de Oaxaca de Ju\u00e1rez, Clemente Jes\u00fas L\u00f3pez, el \u00e1rbol ca\u00eddo es un esp\u00e9cimen \u201cFicus Retusa\u201d o laurel de la India senil, y que al momento de desprenderse del suelo registr\u00f3 un desgajamiento de las ra\u00edces centrales de anclaje, lo cual impedir\u00e1 que este \u00e1rbol pueda ser replantado.<\/p>\n\n\n\n<p>Por otra parte, otro enorme laurel cay\u00f3 en el fraccionamiento Infonavit  Primera Etapa tambi\u00e9n de la ciudad de Oaxaca; sin embargo, no hubo informaci\u00f3n oficial al respecto y hasta el momento no ha sido retirado, a pesar que obstruye una vialidad.<\/p>\n","protected":false},"excerpt":{"rendered":"<p>Redacci\u00f3n\/Zona Roja. Oaxaca de Ju\u00e1rez, Oaxaca, a 15 de septiembre de 2020.- El laurel de&hellip;<\/p>\n","protected":false},"author":2,"featured_media":17648,"comment_status":"closed","ping_status":"open","sticky":false,"template":"","format":"standard","meta":{"_lmt_disableupdate":"","_lmt_disable":"","_jetpack_memberships_contains_paid_content":false,"footnotes":""},"categories":[109,47],"tags":[2017],"class_list":["post-17647","post","type-post","status-publish","format-standard","has-post-thumbnail","hentry","category-minuto-a-minuto","category-zona-gris","tag-cae-laurel-del-zocalo-ciudad-de-oaxaca"],"jetpack_featured_media_url":"https:\/\/zonaroja.com.mx\/wp-content\/uploads\/2020\/09\/Laurel-zocalo-Oaxaca.jpg","jetpack_sharing_enabled":true,"_links":{"self":[{"href":"https:\/\/zonaroja.com.mx\/index.php?rest_route=\/wp\/v2\/posts\/17647","targetHints":{"allow":["GET"]}}],"collection":[{"href":"https:\/\/zonaroja.com.mx\/index.php?rest_route=\/wp\/v2\/posts"}],"about":[{"href":"https:\/\/zonaroja.com.mx\/index.php?rest_route=\/wp\/v2\/types\/post"}],"author":[{"embeddable":true,"href":"https:\/\/zonaroja.com.mx\/index.php?rest_route=\/wp\/v2\/users\/2"}],"replies":[{"embeddable":true,"href":"https:\/\/zonaroja.com.mx\/index.php?rest_route=%2Fwp%2Fv2%2Fcomments&post=17647"}],"version-history":[{"count":2,"href":"https:\/\/zonaroja.com.mx\/index.php?rest_route=\/wp\/v2\/posts\/17647\/revisions"}],"predecessor-version":[{"id":17653,"href":"https:\/\/zonaroja.com.mx\/index.php?rest_route=\/wp\/v2\/posts\/17647\/revisions\/17653"}],"wp:featuredmedia":[{"embeddable":true,"href":"https:\/\/zonaroja.com.mx\/index.php?rest_route=\/wp\/v2\/media\/17648"}],"wp:attachment":[{"href":"https:\/\/zonaroja.com.mx\/index.php?rest_route=%2Fwp%2Fv2%2Fmedia&parent=17647"}],"wp:term":[{"taxonomy":"category","embeddable":true,"href":"https:\/\/zonaroja.com.mx\/index.php?rest_route=%2Fwp%2Fv2%2Fcategories&post=17647"},{"taxonomy":"post_tag","embeddable":true,"href":"https:\/\/zonaroja.com.mx\/index.php?rest_route=%2Fwp%2Fv2%2Ftags&post=17647"}],"curies":[{"name":"wp","href":"https:\/\/api.w.org\/{rel}","templated":true}]}}