{"id":17650,"date":"2020-09-16T08:22:10","date_gmt":"2020-09-16T13:22:10","guid":{"rendered":"http:\/\/www.zonaroja.com.mx\/?p=17650"},"modified":"2020-09-16T08:22:13","modified_gmt":"2020-09-16T13:22:13","slug":"pide-congreso-garantizar-que-ejidos-y-comunidades-no-queden-sin-representacion-legal","status":"publish","type":"post","link":"https:\/\/zonaroja.com.mx\/?p=17650","title":{"rendered":"Pide Congreso garantizar que ejidos y comunidades no queden sin representaci\u00f3n legal"},"content":{"rendered":"\n<p>Redacci\u00f3n\/Zona Roja.<\/p>\n\n\n\n<p>Oaxaca de Ju\u00e1rez, Oax., 16 de septiembre de 2020.- La 64 Legislatura de Oaxaca llam\u00f3 ayer a tribunales y a dependencias agrarias federales y estatales, a garantizar la continuidad legal de los representantes ejidales y agrarios de los pueblos y comunidades, principalmente ind\u00edgenas.<\/p>\n\n\n\n<p>Mediante este exhorto impulsado por el legislador Horacio Sosa Villavicencio, la representaci\u00f3n popular busca evitar que las comunidades agrarias queden sin una representaci\u00f3n legal en tiempos en que la pandemia causante de la Covid-19 ha retardado los procesos internos para renovar a sus \u00f3rganos de autoridad.<\/p>\n\n\n\n<p>Por tal raz\u00f3n, el Congreso solicita a las autoridades del ramo a que, respetando la ley en la materia, permita que asuman la titularidad del cargo los suplentes de las presidencias de los comisariados ejidales y los consejos de vigilancia a fin de que no se interrumpan los tr\u00e1mites que cotidianamente realizan. De igual forma, a lo concerniente a los Comisariados de Bienes Comunales.<\/p>\n\n\n\n<p>El Punto de Acuerdo explica que, por la actual emergencia sanitaria, una gran cantidad de n\u00facleos agrarios no han efectuado la renovaci\u00f3n de sus representaciones. A esto se suma que dependencias como la Procuradur\u00eda Agraria y otras instituciones de los gobiernos federal, estatales y municipales, hayan suspendido sus actividades normales. Entre ellas, convocar y celebrar las asambleas electivas correspondientes.<\/p>\n\n\n\n<p>De esta manera, la 64 Legislatura solicita respetuosamente a los Tribunales Federales Agrarios y Administrativos y del Poder Judicial de la Federaci\u00f3n, as\u00ed como a las dependencias de los sectores agrario y ambiental de los gobiernos Federal y del Estado, y tribunales de Justicia Administrativa del Estado y Tribunal Superior de Justicia del Estado, a que flexibilicen los criterios para el reconocimiento de los \u00f3rganos de representaci\u00f3n agraria y comunal para que \u00e9stas no incurran en un vac\u00edo legal.<\/p>\n","protected":false},"excerpt":{"rendered":"<p>Redacci\u00f3n\/Zona Roja. Oaxaca de Ju\u00e1rez, Oax., 16 de septiembre de 2020.- La 64 Legislatura de&hellip;<\/p>\n","protected":false},"author":2,"featured_media":17651,"comment_status":"closed","ping_status":"open","sticky":false,"template":"","format":"standard","meta":{"_lmt_disableupdate":"","_lmt_disable":"","_jetpack_memberships_contains_paid_content":false,"footnotes":""},"categories":[109,46],"tags":[213],"class_list":["post-17650","post","type-post","status-publish","format-standard","has-post-thumbnail","hentry","category-minuto-a-minuto","category-zona-blanca","tag-64-legislatura-de-oaxaca"],"jetpack_featured_media_url":"https:\/\/zonaroja.com.mx\/wp-content\/uploads\/2020\/09\/Horacio-Sosa-2.jpg","jetpack_sharing_enabled":true,"_links":{"self":[{"href":"https:\/\/zonaroja.com.mx\/index.php?rest_route=\/wp\/v2\/posts\/17650","targetHints":{"allow":["GET"]}}],"collection":[{"href":"https:\/\/zonaroja.com.mx\/index.php?rest_route=\/wp\/v2\/posts"}],"about":[{"href":"https:\/\/zonaroja.com.mx\/index.php?rest_route=\/wp\/v2\/types\/post"}],"author":[{"embeddable":true,"href":"https:\/\/zonaroja.com.mx\/index.php?rest_route=\/wp\/v2\/users\/2"}],"replies":[{"embeddable":true,"href":"https:\/\/zonaroja.com.mx\/index.php?rest_route=%2Fwp%2Fv2%2Fcomments&post=17650"}],"version-history":[{"count":1,"href":"https:\/\/zonaroja.com.mx\/index.php?rest_route=\/wp\/v2\/posts\/17650\/revisions"}],"predecessor-version":[{"id":17652,"href":"https:\/\/zonaroja.com.mx\/index.php?rest_route=\/wp\/v2\/posts\/17650\/revisions\/17652"}],"wp:featuredmedia":[{"embeddable":true,"href":"https:\/\/zonaroja.com.mx\/index.php?rest_route=\/wp\/v2\/media\/17651"}],"wp:attachment":[{"href":"https:\/\/zonaroja.com.mx\/index.php?rest_route=%2Fwp%2Fv2%2Fmedia&parent=17650"}],"wp:term":[{"taxonomy":"category","embeddable":true,"href":"https:\/\/zonaroja.com.mx\/index.php?rest_route=%2Fwp%2Fv2%2Fcategories&post=17650"},{"taxonomy":"post_tag","embeddable":true,"href":"https:\/\/zonaroja.com.mx\/index.php?rest_route=%2Fwp%2Fv2%2Ftags&post=17650"}],"curies":[{"name":"wp","href":"https:\/\/api.w.org\/{rel}","templated":true}]}}