{"id":17654,"date":"2020-09-16T10:49:25","date_gmt":"2020-09-16T15:49:25","guid":{"rendered":"http:\/\/www.zonaroja.com.mx\/?p=17654"},"modified":"2020-09-16T17:53:42","modified_gmt":"2020-09-16T22:53:42","slug":"piden-a-gobernador-de-oaxaca-transparentar-ahorros-en-gastos-corriente-por-pandemia","status":"publish","type":"post","link":"https:\/\/zonaroja.com.mx\/?p=17654","title":{"rendered":"Piden a gobernador de Oaxaca transparentar ahorros en gastos corriente por pandemia"},"content":{"rendered":"\n<p>Evlin Arag\u00f3n\/Zona Roja.<\/p>\n\n\n\n<p>Oaxaca de Ju\u00e1rez, Oax., 16 de septiembre de 2020.- El diputado local por el Partido del Trabajo, C\u00e9sar Morales Ni\u00f1o, present\u00f3 un Punto de Acuerdo por medio del cual el Congreso local deber\u00e1 exhortar al gobernador de Oaxaca, Alejandro Murat Hinojosa, a que transparente el recurso que no se ha utilizado en su administraci\u00f3n en el rubro de gasto corriente, debido a que la pandemia ha impedido la mayor cantidad de actividades p\u00fablicas, en los \u00faltimos cinco meses.<\/p>\n\n\n\n<p>De acuerdo con el Presupuesto de Egresos de este a\u00f1o, son 53 mil 925 millones de pesos asignados al gasto corriente de la administraci\u00f3n p\u00fablica, el cual no se ha ejercido como fue planeado debido a la contingencia sanitaria, situaci\u00f3n que ha dejado ahorros considerables que debe transparentar el ejecutivo estatal.&nbsp;<\/p>\n\n\n\n<p>\u201cSe trata de ahorros millonarios, hasta el momento no se ha informado a donde se ha ido el dinero ahorrado, a que sectores est\u00e1 beneficiando. Este recurso debe ocuparse para la recuperaci\u00f3n econ\u00f3mica, el mandatario debe hacer p\u00fablica la bolsa de ahorro y reasignarla a lo m\u00e1s urgente de atender debido a la pandemia\u201d, refiri\u00f3 en tribuna.&nbsp;<\/p>\n\n\n\n<p>Morales Ni\u00f1o explic\u00f3 que existe un evidente ahorro y ajustes presupuestales en la administraci\u00f3n p\u00fablica, ya que se han reducido de forma considerable los pagos de energ\u00eda el\u00e9ctrica, agua, renta de bienes inmuebles, servicios personales generales, materiales, y suministros en las oficinas, ya la mayor cantidad de personal no se encuentra activo debido a la pandemia.&nbsp;<\/p>\n\n\n\n<p>As\u00ed mismo, refiri\u00f3 que es claro que el mandatario estatal ha contado con una contingencia no planeada y presupuestada, pero si ben\u00e9fica, toda vez que al cerrarse las oficinas, se han hecho ahorros en los servicios b\u00e1sicos, as\u00ed como en los altos honorarios del transporte de la base trabajadora a los complejos administrativos.<\/p>\n\n\n\n<p>\u201cLa transparencia y la rendici\u00f3n de cuentas son fundamentales para evitar la corrupci\u00f3n y los malos manejos de recursos, por lo que es fundamental que se haga p\u00fablico el uso y manejo del presupuesto establecido\u201d, sentenci\u00f3.&nbsp;<\/p>\n\n\n\n<p>Record\u00f3 que eventos como la Guelaguetza y otros festivales culturales, que cuentan con un presupuesto propio, tambi\u00e9n fueron suspendidos, raz\u00f3n por la que existe un recurso no ejercido que debe ser transparentado y reasignado por parte de las autoridades. &nbsp;&nbsp;<\/p>\n\n\n\n<p>\u201cCon este Punto de Acuerdo se busca combatir la corrupci\u00f3n y fomentar la transparencia ya que desde mediados de marzo la vida p\u00fablica y administrativa de Oaxaca se detuvo y a partir de junio se emitieron criterios laborales de forma escalonada que deben hacerse p\u00fablicos juntos con el uso del presupuesto estatal\u201d, concluy\u00f3.&nbsp;<\/p>\n","protected":false},"excerpt":{"rendered":"<p>Evlin Arag\u00f3n\/Zona Roja. Oaxaca de Ju\u00e1rez, Oax., 16 de septiembre de 2020.- El diputado local&hellip;<\/p>\n","protected":false},"author":2,"featured_media":17670,"comment_status":"closed","ping_status":"open","sticky":false,"template":"","format":"standard","meta":{"_lmt_disableupdate":"","_lmt_disable":"","_jetpack_memberships_contains_paid_content":false,"footnotes":""},"categories":[109,46],"tags":[612],"class_list":["post-17654","post","type-post","status-publish","format-standard","has-post-thumbnail","hentry","category-minuto-a-minuto","category-zona-blanca","tag-cesar-morales-nino"],"jetpack_featured_media_url":"https:\/\/zonaroja.com.mx\/wp-content\/uploads\/2020\/09\/img_1284.jpg","jetpack_sharing_enabled":true,"_links":{"self":[{"href":"https:\/\/zonaroja.com.mx\/index.php?rest_route=\/wp\/v2\/posts\/17654","targetHints":{"allow":["GET"]}}],"collection":[{"href":"https:\/\/zonaroja.com.mx\/index.php?rest_route=\/wp\/v2\/posts"}],"about":[{"href":"https:\/\/zonaroja.com.mx\/index.php?rest_route=\/wp\/v2\/types\/post"}],"author":[{"embeddable":true,"href":"https:\/\/zonaroja.com.mx\/index.php?rest_route=\/wp\/v2\/users\/2"}],"replies":[{"embeddable":true,"href":"https:\/\/zonaroja.com.mx\/index.php?rest_route=%2Fwp%2Fv2%2Fcomments&post=17654"}],"version-history":[{"count":1,"href":"https:\/\/zonaroja.com.mx\/index.php?rest_route=\/wp\/v2\/posts\/17654\/revisions"}],"predecessor-version":[{"id":17655,"href":"https:\/\/zonaroja.com.mx\/index.php?rest_route=\/wp\/v2\/posts\/17654\/revisions\/17655"}],"wp:featuredmedia":[{"embeddable":true,"href":"https:\/\/zonaroja.com.mx\/index.php?rest_route=\/wp\/v2\/media\/17670"}],"wp:attachment":[{"href":"https:\/\/zonaroja.com.mx\/index.php?rest_route=%2Fwp%2Fv2%2Fmedia&parent=17654"}],"wp:term":[{"taxonomy":"category","embeddable":true,"href":"https:\/\/zonaroja.com.mx\/index.php?rest_route=%2Fwp%2Fv2%2Fcategories&post=17654"},{"taxonomy":"post_tag","embeddable":true,"href":"https:\/\/zonaroja.com.mx\/index.php?rest_route=%2Fwp%2Fv2%2Ftags&post=17654"}],"curies":[{"name":"wp","href":"https:\/\/api.w.org\/{rel}","templated":true}]}}