{"id":17659,"date":"2020-09-16T11:03:14","date_gmt":"2020-09-16T16:03:14","guid":{"rendered":"http:\/\/www.zonaroja.com.mx\/?p=17659"},"modified":"2020-09-16T11:03:17","modified_gmt":"2020-09-16T16:03:17","slug":"legisladoras-reprueban-comparecencia-a-puerta-cerrada-de-fiscal-en-congreso","status":"publish","type":"post","link":"https:\/\/zonaroja.com.mx\/?p=17659","title":{"rendered":"Legisladoras reprueban comparecencia a puerta cerrada de Fiscal en Congreso"},"content":{"rendered":"\n<p>Yuridiana Sosa\/Zona Roja.<\/p>\n\n\n\n<p>Oaxaca de Ju\u00e1rez, Oax., 16 de septiembre de 2020.- Las diputadas por Morena, Elisa Zepeda Lagunas e Hilda P\u00e9rez Luis, reprobaron la comparecencia a puerta cerrada que ofreci\u00f3 el fiscal general Rub\u00e9n Vasconcelos M\u00e9ndez a la Comisi\u00f3n Especial de Seguimiento a la Atenci\u00f3n de V\u00edctimas de los Casos de Violencia por Raz\u00f3n de G\u00e9nero y Feminicidios, ocurrida el pasado jueves.<\/p>\n\n\n\n<p>El hecho fue reprochado en sesi\u00f3n ordinaria de la 64 Legislatura del Congreso de Oaxaca este martes, luego que el pasado 10 de septiembre Vasconcelos M\u00e9ndez acudi\u00f3 a la C\u00e1mara de Diputados para encontrarse con los integrantes de dicha comisi\u00f3n, sin convocatoria a medios de comunicaci\u00f3n.<\/p>\n\n\n\n<p>Zepeda Lagunas expuso que es inadmisible que los asuntos relacionados con los feminicidios y violencia de g\u00e9nero se traten con discreci\u00f3n, como si fuera una reuni\u00f3n privada de trabajo, cuando son temas de inter\u00e9s p\u00fablico.<\/p>\n\n\n\n<p>Adem\u00e1s, recientemente, el pleno del Congreso rechaz\u00f3 la comparecencia del fiscal para rendir cuentas por un \u00fanico tema, la desaparici\u00f3n del estudiante de la UNAM en la regi\u00f3n de la Costa, pues exigen que se aborden los relacionados con la procuraci\u00f3n de justicia en violencia de g\u00e9nero y homicidios dolosos.<\/p>\n\n\n\n<p>\u201cNo debi\u00f3 realizarse porque no hab\u00eda qu\u00f3rum para ello, no descalifico el trabajo de la comisi\u00f3n y creo que no debi\u00f3 realizarse porque no hab\u00eda acuerdo\u201d, dijo a su vez la legisladora Hilda P\u00e9rez Luis.<\/p>\n\n\n\n<p>NO FUE COMPARECENCIA<\/p>\n\n\n\n<p>En respuesta al hecho, la diputada Aleyda Serrano Rosado, presidenta de dicha comisi\u00f3n especial, se\u00f1al\u00f3 que la comparecencia se efectuar\u00e1 ante el pleno en fechas posteriores y la presencia de Vasconcelos M\u00e9ndez s\u00f3lo se trat\u00f3 de un informe previo.<\/p>\n\n\n\n<p>La legisladora de la bancada de Mujeres Independientes rechaz\u00f3 que se haya tratado de un acto para evadir al Pleno, pues justific\u00f3 la presencia de Vasconcelos M\u00e9ndez en una actividad de seguimiento a la ruta de trabajo que implementa la comisi\u00f3n.<\/p>\n\n\n\n<p>Serrano Rosado expuso que esa Comisi\u00f3n Especial cuenta con la representaci\u00f3n de las diferentes bancadas, sin embargo, el d\u00eda de la cita se registraron ausencias, las cuales forman parte de la responsabilidad personal de cada diputado; aclar\u00f3 que no fue una comparecencia sino una reuni\u00f3n de trabajo.<\/p>\n","protected":false},"excerpt":{"rendered":"<p>Yuridiana Sosa\/Zona Roja. Oaxaca de Ju\u00e1rez, Oax., 16 de septiembre de 2020.- Las diputadas por&hellip;<\/p>\n","protected":false},"author":2,"featured_media":17660,"comment_status":"closed","ping_status":"open","sticky":false,"template":"","format":"standard","meta":{"_lmt_disableupdate":"","_lmt_disable":"","_jetpack_memberships_contains_paid_content":false,"footnotes":""},"categories":[109,47],"tags":[213],"class_list":["post-17659","post","type-post","status-publish","format-standard","has-post-thumbnail","hentry","category-minuto-a-minuto","category-zona-gris","tag-64-legislatura-de-oaxaca"],"jetpack_featured_media_url":"https:\/\/zonaroja.com.mx\/wp-content\/uploads\/2020\/09\/Sesion-Congreso-Oaxaca.jpg","jetpack_sharing_enabled":true,"_links":{"self":[{"href":"https:\/\/zonaroja.com.mx\/index.php?rest_route=\/wp\/v2\/posts\/17659","targetHints":{"allow":["GET"]}}],"collection":[{"href":"https:\/\/zonaroja.com.mx\/index.php?rest_route=\/wp\/v2\/posts"}],"about":[{"href":"https:\/\/zonaroja.com.mx\/index.php?rest_route=\/wp\/v2\/types\/post"}],"author":[{"embeddable":true,"href":"https:\/\/zonaroja.com.mx\/index.php?rest_route=\/wp\/v2\/users\/2"}],"replies":[{"embeddable":true,"href":"https:\/\/zonaroja.com.mx\/index.php?rest_route=%2Fwp%2Fv2%2Fcomments&post=17659"}],"version-history":[{"count":1,"href":"https:\/\/zonaroja.com.mx\/index.php?rest_route=\/wp\/v2\/posts\/17659\/revisions"}],"predecessor-version":[{"id":17661,"href":"https:\/\/zonaroja.com.mx\/index.php?rest_route=\/wp\/v2\/posts\/17659\/revisions\/17661"}],"wp:featuredmedia":[{"embeddable":true,"href":"https:\/\/zonaroja.com.mx\/index.php?rest_route=\/wp\/v2\/media\/17660"}],"wp:attachment":[{"href":"https:\/\/zonaroja.com.mx\/index.php?rest_route=%2Fwp%2Fv2%2Fmedia&parent=17659"}],"wp:term":[{"taxonomy":"category","embeddable":true,"href":"https:\/\/zonaroja.com.mx\/index.php?rest_route=%2Fwp%2Fv2%2Fcategories&post=17659"},{"taxonomy":"post_tag","embeddable":true,"href":"https:\/\/zonaroja.com.mx\/index.php?rest_route=%2Fwp%2Fv2%2Ftags&post=17659"}],"curies":[{"name":"wp","href":"https:\/\/api.w.org\/{rel}","templated":true}]}}