{"id":1766,"date":"2019-06-22T21:03:17","date_gmt":"2019-06-23T02:03:17","guid":{"rendered":"http:\/\/www.zonaroja.com.mx\/?p=1766"},"modified":"2019-06-22T21:03:20","modified_gmt":"2019-06-23T02:03:20","slug":"amlo-apoya-primero-a-trabajadores-mexicanos-despues-a-otros-paises","status":"publish","type":"post","link":"https:\/\/zonaroja.com.mx\/?p=1766","title":{"rendered":"\u201cAMLO apoya primero a trabajadores mexicanos, despu\u00e9s a otros pa\u00edses\u201d"},"content":{"rendered":"\n<p>Redacci\u00f3n<\/p>\n\n\n\n<p>Oaxaca de\nJu\u00e1rez, Oax., 22 de junio de 2019.- Bajo el argumento de que no es viable\nfinancieramente, el gobierno de la Rep\u00fablica pretende eliminar la gerencia\nOaxaca del organismo Caminos y Puentes Federales (Capufe).<\/p>\n\n\n\n<p>Sin embargo,\nde acuerdo con los propios trabajadores, las casetas de peaje bajo su\njurisdicci\u00f3n general de uno a dos millones de pesos diarios.<\/p>\n\n\n\n<p>Este s\u00e1bado\ndespu\u00e9s del mediod\u00eda, los empleados de esa dependencia acusaron que la\nadministraci\u00f3n que encabeza el Presidente de M\u00e9xico, Andr\u00e9s Manuel L\u00f3pez\nObrador pretende cerrar esa gerencia.<\/p>\n\n\n\n<p>Con ello\nquedar\u00edan sin empleo al menos 60 trabajadores, en su mayor\u00eda padres de familia\ne incluso algunos con hijos con alguna discapacidad motriz.<\/p>\n\n\n\n<p>\u201cEs indigno la\nforma en que est\u00e1n sacando a los trabajadores, como en otras instituciones\nfederales. Ac\u00e1 hay personas de 25, 18, 12 a\u00f1os de antig\u00fcedad y ahora resulta\nque su trabajo no sirvi\u00f3 durante ese tiempo y sale como si fueran corruptos,\ncon qu\u00e9 cara vamos a pedir empleo cuando nos dicen que todos somos simuladores\u201d.<\/p>\n\n\n\n<p>Eso expres\u00f3\nuno de los empleados, quien se identific\u00f3 como Jorge Eduardo Ib\u00e1\u00f1ez, quien\npidi\u00f3 apoyo del Gobierno del Estado para que no desaparezcan Capufe o en su\ncaso haya empleo para ellos en otras \u00e1reas gubernamentales.<\/p>\n\n\n\n<p>\u201cAMLO apoya\nprimero a trabajadores mexicanos, y despu\u00e9s a otros pa\u00edses\u201d, expusieron en una\nde varias pancartas durante una protesta pac\u00edfica en las oficinas de Capufe, en\ninmediaciones de San Pablo Etla. <\/p>\n","protected":false},"excerpt":{"rendered":"<p>Redacci\u00f3n Oaxaca de Ju\u00e1rez, Oax., 22 de junio de 2019.- Bajo el argumento de que&hellip;<\/p>\n","protected":false},"author":2,"featured_media":1767,"comment_status":"closed","ping_status":"open","sticky":false,"template":"","format":"standard","meta":{"_lmt_disableupdate":"","_lmt_disable":"","_jetpack_memberships_contains_paid_content":false,"footnotes":""},"categories":[47],"tags":[143,58],"class_list":["post-1766","post","type-post","status-publish","format-standard","has-post-thumbnail","hentry","category-zona-gris","tag-andres-manuel-lopez-obrador","tag-oaxaca"],"jetpack_featured_media_url":"https:\/\/zonaroja.com.mx\/wp-content\/uploads\/2019\/06\/023771ec-6d03-4264-9a65-e825ec6452f9.jpg","jetpack_sharing_enabled":true,"_links":{"self":[{"href":"https:\/\/zonaroja.com.mx\/index.php?rest_route=\/wp\/v2\/posts\/1766","targetHints":{"allow":["GET"]}}],"collection":[{"href":"https:\/\/zonaroja.com.mx\/index.php?rest_route=\/wp\/v2\/posts"}],"about":[{"href":"https:\/\/zonaroja.com.mx\/index.php?rest_route=\/wp\/v2\/types\/post"}],"author":[{"embeddable":true,"href":"https:\/\/zonaroja.com.mx\/index.php?rest_route=\/wp\/v2\/users\/2"}],"replies":[{"embeddable":true,"href":"https:\/\/zonaroja.com.mx\/index.php?rest_route=%2Fwp%2Fv2%2Fcomments&post=1766"}],"version-history":[{"count":1,"href":"https:\/\/zonaroja.com.mx\/index.php?rest_route=\/wp\/v2\/posts\/1766\/revisions"}],"predecessor-version":[{"id":1768,"href":"https:\/\/zonaroja.com.mx\/index.php?rest_route=\/wp\/v2\/posts\/1766\/revisions\/1768"}],"wp:featuredmedia":[{"embeddable":true,"href":"https:\/\/zonaroja.com.mx\/index.php?rest_route=\/wp\/v2\/media\/1767"}],"wp:attachment":[{"href":"https:\/\/zonaroja.com.mx\/index.php?rest_route=%2Fwp%2Fv2%2Fmedia&parent=1766"}],"wp:term":[{"taxonomy":"category","embeddable":true,"href":"https:\/\/zonaroja.com.mx\/index.php?rest_route=%2Fwp%2Fv2%2Fcategories&post=1766"},{"taxonomy":"post_tag","embeddable":true,"href":"https:\/\/zonaroja.com.mx\/index.php?rest_route=%2Fwp%2Fv2%2Ftags&post=1766"}],"curies":[{"name":"wp","href":"https:\/\/api.w.org\/{rel}","templated":true}]}}