{"id":17663,"date":"2020-09-16T12:54:40","date_gmt":"2020-09-16T17:54:40","guid":{"rendered":"https:\/\/www.zonaroja.com.mx\/?p=17663"},"modified":"2020-09-16T12:58:12","modified_gmt":"2020-09-16T17:58:12","slug":"lluvias-dejan-inundaciones-en-la-cuenca-aun-no-tienen-atencion-de-gobierno","status":"publish","type":"post","link":"https:\/\/zonaroja.com.mx\/?p=17663","title":{"rendered":"Lluvias dejan inundaciones en la Cuenca; a\u00fan no tienen atenci\u00f3n de gobierno"},"content":{"rendered":"\n<p class=\"MsoNormal\">Yuridiana Sosa\/Zona Roja.<\/p>\n\n\n\n<p class=\"MsoNormal\">San Juan Bautista Tuxtepec, Oax., 16 de septiembre de 2020.- Las intensas lluvias registradas la noche del <a href=\"\/\/1\">martes<\/a> y madrugada de <a href=\"\/\/2\">este mi\u00e9rcoles<\/a> provocaron inundaciones en decenas de viviendas en los municipios de San Jos\u00e9 Chiltepec y San Juan Bautista Tuxtepec.<\/p>\n\n\n\n<p class=\"MsoNormal\">La delegaci\u00f3n regional de la Coordinaci\u00f3n Estatal de Protecci\u00f3n Civil inform\u00f3 que el arroyo de respuesta r\u00e1pida de San Jos\u00e9 Chiltepec present\u00f3 desbordamiento y afect\u00f3 a los asentamientos de las partes bajas.<\/p>\n\n\n\n<p class=\"MsoNormal\">Los habitantes de las comunidades de Leyes de Reforma y Pueblo Viejo reportaron inundaciones en decenas de casas, causando da\u00f1os materiales, sin presentarse afectaciones humanas, esto a consecuencia de las intensas lluvias la madrugada del mi\u00e9rcoles.<\/p>\n\n\n\n<p class=\"MsoNormal\">Mientras que en el municipio de San Juan Bautista Tuxtepec, las lluvias&nbsp;<a href=\"\/\/4\">de la noche<\/a>&nbsp;del martes ocasionaron anegaciones en la colonia Adolfo L\u00f3pez Mateos II, donde una obra del drenaje pluvial mal ejecutada ocasiona el estancamiento del agua.<\/p>\n\n\n\n<p class=\"MsoNormal\">Las autoridades reportaron que al menos unas 30 viviendas, asentadas en la parte baja de la colonia conocida como Playa de Mono, presentaron inundaciones por arriba de los 30 cent\u00edmetros, por lo que tuvieron que abrir algunos registros para ayudar al desahogo.&nbsp;<\/p>\n\n\n\n<p class=\"MsoNormal\">Al lugar acudieron las autoridades locales para auxiliar a la poblaci\u00f3n, donde <a href=\"\/\/6\">este mi\u00e9rcoles<\/a> se programaron acciones de limpieza para ayudar a las familias con acciones para prevenir enfermedades. <\/p>\n","protected":false},"excerpt":{"rendered":"<p>Yuridiana Sosa\/Zona Roja. San Juan Bautista Tuxtepec, Oax., 16 de septiembre de 2020.- Las intensas&hellip;<\/p>\n","protected":false},"author":2,"featured_media":17662,"comment_status":"closed","ping_status":"open","sticky":false,"template":"","format":"standard","meta":{"_lmt_disableupdate":"","_lmt_disable":"","_jetpack_memberships_contains_paid_content":false,"footnotes":""},"categories":[109,47],"tags":[118],"class_list":["post-17663","post","type-post","status-publish","format-standard","has-post-thumbnail","hentry","category-minuto-a-minuto","category-zona-gris","tag-san-juan-bautista-tuxtepec"],"jetpack_featured_media_url":"https:\/\/zonaroja.com.mx\/wp-content\/uploads\/2020\/09\/4439c382-a3ea-4f3e-8e2a-31b3902eee47.jpg","jetpack_sharing_enabled":true,"_links":{"self":[{"href":"https:\/\/zonaroja.com.mx\/index.php?rest_route=\/wp\/v2\/posts\/17663","targetHints":{"allow":["GET"]}}],"collection":[{"href":"https:\/\/zonaroja.com.mx\/index.php?rest_route=\/wp\/v2\/posts"}],"about":[{"href":"https:\/\/zonaroja.com.mx\/index.php?rest_route=\/wp\/v2\/types\/post"}],"author":[{"embeddable":true,"href":"https:\/\/zonaroja.com.mx\/index.php?rest_route=\/wp\/v2\/users\/2"}],"replies":[{"embeddable":true,"href":"https:\/\/zonaroja.com.mx\/index.php?rest_route=%2Fwp%2Fv2%2Fcomments&post=17663"}],"version-history":[{"count":1,"href":"https:\/\/zonaroja.com.mx\/index.php?rest_route=\/wp\/v2\/posts\/17663\/revisions"}],"predecessor-version":[{"id":17664,"href":"https:\/\/zonaroja.com.mx\/index.php?rest_route=\/wp\/v2\/posts\/17663\/revisions\/17664"}],"wp:featuredmedia":[{"embeddable":true,"href":"https:\/\/zonaroja.com.mx\/index.php?rest_route=\/wp\/v2\/media\/17662"}],"wp:attachment":[{"href":"https:\/\/zonaroja.com.mx\/index.php?rest_route=%2Fwp%2Fv2%2Fmedia&parent=17663"}],"wp:term":[{"taxonomy":"category","embeddable":true,"href":"https:\/\/zonaroja.com.mx\/index.php?rest_route=%2Fwp%2Fv2%2Fcategories&post=17663"},{"taxonomy":"post_tag","embeddable":true,"href":"https:\/\/zonaroja.com.mx\/index.php?rest_route=%2Fwp%2Fv2%2Ftags&post=17663"}],"curies":[{"name":"wp","href":"https:\/\/api.w.org\/{rel}","templated":true}]}}