{"id":17668,"date":"2020-09-16T16:04:20","date_gmt":"2020-09-16T21:04:20","guid":{"rendered":"http:\/\/www.zonaroja.com.mx\/?p=17668"},"modified":"2020-09-16T16:04:23","modified_gmt":"2020-09-16T21:04:23","slug":"seccion-35-del-sntsa-registra-el-38-de-personal-medico-contagiado-de-covid-19","status":"publish","type":"post","link":"https:\/\/zonaroja.com.mx\/?p=17668","title":{"rendered":"Secci\u00f3n 35 del SNTSA registra el 38% de personal m\u00e9dico contagiado de Covid-19"},"content":{"rendered":"\n<p>Yuridiana Sosa\/Zona Roja. Foto: Ilustraci\u00f3n <\/p>\n\n\n\n<p>Oaxaca de Ju\u00e1rez, 16 de septiembre de 2020.- En el transcurso de la pandemia por Covid-19 en Oaxaca, los Servicios de Salud de Oaxaca han registrado el contagio de este virus en al menos dos mil 390 trabajadores del sector salud de diversas instituciones, de acuerdo al reporte de este 15 de septiembre.<\/p>\n\n\n\n<p>De esa cifra, 730 son m\u00e9dicos, 965 enfermeras y 696 de otras \u00e1reas, entre ellas personal de limpieza; a casi seis meses de la pandemia en Oaxaca, las autoridades estatales de salud han ocultado el n\u00famero de personal de este sector que ha perdido la vida a causa del coronavirus.<\/p>\n\n\n\n<p>A su vez, el secretario general de la Secci\u00f3n 35 del Sindicato Nacional de Trabajadores de Salud, Mario F\u00e9lix Pacheco, dio a conocer que unos 912 m\u00e9dicos, enfermeras y personal de las distintas \u00e1reas m\u00e9dicas han enfermado del virus de SARS-COV-2.<\/p>\n\n\n\n<p>Tambi\u00e9n han registrado la defunci\u00f3n de 16 de sus compa\u00f1eros sindicalizados en las distintas regiones de la entidad, lo cual queda asentado en una base de datos para informar a la direcci\u00f3n nacional del sindicato sobre el impacto que ha tenido la pandemia en sus agremiados.<\/p>\n\n\n\n<p>Felix Pacheco reconoci\u00f3 que podr\u00eda ser mayor el n\u00famero de compa\u00f1eros afectados, sin embargo, la Secretar\u00eda de Salud de Oaxaca no ha garantizado la aplicaci\u00f3n de pruebas Covid-19 para este sector.<\/p>\n\n\n\n<p>En reciente conferencia de prensa, el dirigente estatal dijo que desde el inicio de la contingencia en la entidad se ha demandado al Gobierno del Estado estudios para el personal m\u00e9dico, por lo que han llegado a la conclusi\u00f3n que algunos trabajadores continuaron enfermos con sus actividades, pero bajo el perfil de asintom\u00e1ticos.<\/p>\n\n\n\n<p>Apunt\u00f3 que esta exigencia continuar\u00e1 mientras persista el riesgo de contagio en la entidad, misma que present\u00f3 un retroceso en el sem\u00e1foro epidemiol\u00f3gico por la propagaci\u00f3n del Covid.<\/p>\n","protected":false},"excerpt":{"rendered":"<p>Yuridiana Sosa\/Zona Roja. Foto: Ilustraci\u00f3n Oaxaca de Ju\u00e1rez, 16 de septiembre de 2020.- En el&hellip;<\/p>\n","protected":false},"author":2,"featured_media":13360,"comment_status":"closed","ping_status":"open","sticky":false,"template":"","format":"standard","meta":{"_lmt_disableupdate":"","_lmt_disable":"","_jetpack_memberships_contains_paid_content":false,"footnotes":""},"categories":[109,47],"tags":[1512],"class_list":["post-17668","post","type-post","status-publish","format-standard","has-post-thumbnail","hentry","category-minuto-a-minuto","category-zona-gris","tag-coronavirus-oaxaca"],"jetpack_featured_media_url":"https:\/\/zonaroja.com.mx\/wp-content\/uploads\/2020\/06\/Muertos-Covid-2.jpeg","jetpack_sharing_enabled":true,"_links":{"self":[{"href":"https:\/\/zonaroja.com.mx\/index.php?rest_route=\/wp\/v2\/posts\/17668","targetHints":{"allow":["GET"]}}],"collection":[{"href":"https:\/\/zonaroja.com.mx\/index.php?rest_route=\/wp\/v2\/posts"}],"about":[{"href":"https:\/\/zonaroja.com.mx\/index.php?rest_route=\/wp\/v2\/types\/post"}],"author":[{"embeddable":true,"href":"https:\/\/zonaroja.com.mx\/index.php?rest_route=\/wp\/v2\/users\/2"}],"replies":[{"embeddable":true,"href":"https:\/\/zonaroja.com.mx\/index.php?rest_route=%2Fwp%2Fv2%2Fcomments&post=17668"}],"version-history":[{"count":1,"href":"https:\/\/zonaroja.com.mx\/index.php?rest_route=\/wp\/v2\/posts\/17668\/revisions"}],"predecessor-version":[{"id":17669,"href":"https:\/\/zonaroja.com.mx\/index.php?rest_route=\/wp\/v2\/posts\/17668\/revisions\/17669"}],"wp:featuredmedia":[{"embeddable":true,"href":"https:\/\/zonaroja.com.mx\/index.php?rest_route=\/wp\/v2\/media\/13360"}],"wp:attachment":[{"href":"https:\/\/zonaroja.com.mx\/index.php?rest_route=%2Fwp%2Fv2%2Fmedia&parent=17668"}],"wp:term":[{"taxonomy":"category","embeddable":true,"href":"https:\/\/zonaroja.com.mx\/index.php?rest_route=%2Fwp%2Fv2%2Fcategories&post=17668"},{"taxonomy":"post_tag","embeddable":true,"href":"https:\/\/zonaroja.com.mx\/index.php?rest_route=%2Fwp%2Fv2%2Ftags&post=17668"}],"curies":[{"name":"wp","href":"https:\/\/api.w.org\/{rel}","templated":true}]}}