{"id":17671,"date":"2020-09-16T20:54:37","date_gmt":"2020-09-17T01:54:37","guid":{"rendered":"http:\/\/www.zonaroja.com.mx\/?p=17671"},"modified":"2020-09-16T20:56:12","modified_gmt":"2020-09-17T01:56:12","slug":"exige-frente-14-de-junio-liberacion-de-su-dirigente-y-apoyo-a-artesanos","status":"publish","type":"post","link":"https:\/\/zonaroja.com.mx\/?p=17671","title":{"rendered":"Exige Frente \u201c14 de Junio\u201d liberaci\u00f3n de su dirigente y apoyo a artesanos"},"content":{"rendered":"\n<p>Evlin Arag\u00f3n\/Zona Roja.<\/p>\n\n\n\n<p>Oaxaca de Ju\u00e1rez, Oax., 16 de septiembre de 2020.- Cientos de integrantes del Frente Popular \u201c14 de Junio\u201d marcharon de Santa Cruz Xoxocotl\u00e1n hacia el z\u00f3calo de la capital de Oaxaca, para exigir la liberaci\u00f3n de uno de sus l\u00edderes y alto al acoso a Francisco Mart\u00ednez S\u00e1nchez; adem\u00e1s, apoyos a artesanos afectados por la pandemia del Covid.<\/p>\n\n\n\n<p>Entre cohetes y al grito de \u201c\u00a1Alejandro, dec\u00eda, que todo cambiar\u00eda, mentira, mentira, es la misma porquer\u00eda!\u201d, arribaron a la capital del estado para hacer entrega de su pliego de demandas de atenci\u00f3n a las autoridades estatales, que incluye una audiencia con el mandatario estatal.<\/p>\n\n\n\n<p>Sin embargo, al no ser recibidos por ning\u00fan funcionario, por algunos minutos y por la fuerza trataron de derribar las vallas que impiden el acceso principal de Palacio de Gobierno, las cuales lograron quitar para despu\u00e9s realizar un peque\u00f1o mitin pol\u00edtico en el que exigieron a las autoridades dejar de criminalizar a su l\u00edder Francisco Mart\u00ednez S\u00e1nchez alias \u201cDon Panchito\u201d, quien aseguran es inocente del delito de secuestro que se le imputa y que lo ha obligado a exiliarse.&nbsp;&nbsp;<\/p>\n\n\n\n<p>\u201cNos estamos manifestando con el fin de hacerle saber a la comunidad que hemos sido objeto de injusticias, que el se\u00f1or \u2018Don Panchito\u2019 desgraciadamente es pr\u00f3fugo de la justicia ya que le imputan un delito que jam\u00e1s cometi\u00f3\u201d, manifestaron.\u00a0<\/p>\n\n\n\n<figure class=\"wp-block-embed-twitter wp-block-embed is-type-rich is-provider-twitter\"><div class=\"wp-block-embed__wrapper\">\n<div class=\"twitter-tweet\"><blockquote class=\"twitter-tweet\" data-lang=\"es\"><p lang=\"es\" dir=\"ltr\"><a href=\"https:\/\/twitter.com\/hashtag\/%C3%9AltimoMinuto?src=hash&amp;ref_src=twsrc%5Etfw\">#\u00daltimoMinuto<\/a> <br>Entre cohetes y al grito de \u00a1Alejandro, dec\u00eda, que todo cambiar\u00eda, mentira, mentir\u00e1, es la misma porquer\u00eda!, cientos de militantes de Frente Popular \u201c14 de Junio\u201d llegan al z\u00f3calo de la capital de <a href=\"https:\/\/twitter.com\/hashtag\/Oaxaca?src=hash&amp;ref_src=twsrc%5Etfw\">#Oaxaca<\/a>, procedentes de Santa Cruz <a href=\"https:\/\/twitter.com\/hashtag\/Xoxocotl%C3%A1n?src=hash&amp;ref_src=twsrc%5Etfw\">#Xoxocotl\u00e1n<\/a>. <a href=\"https:\/\/t.co\/9Awv1KgBea\">pic.twitter.com\/9Awv1KgBea<\/a><\/p>&mdash; Zona Roja Oaxaca (@MexRoja) <a href=\"https:\/\/twitter.com\/MexRoja\/status\/1306296052123926529?ref_src=twsrc%5Etfw\">16 de septiembre de 2020<\/a><\/blockquote><\/div>\n<\/div><\/figure>\n\n\n\n<p>Acusaron a la Fiscal\u00eda General de Justicia del Estado, encabezada por Rub\u00e9n Vasconcelos M\u00e9ndez, de fabricar delitos en contra de l\u00edderes sociales con la intenci\u00f3n de contener la protesta social.<\/p>\n\n\n\n<p>Como ejemplo aseguraron contar con pruebas que demuestran la inocencia de su l\u00edder mismas que la dependencia no ha permitido que se incluyan en la carpeta de investigaci\u00f3n e incluso aplaza a conveniencia cada una de las audiencias y en general todo el procedimiento penal.<\/p>\n\n\n\n<p>Durante su acto pol\u00edtico se dijeron perseguidos pol\u00edticos y reprocharon que la autoridad estatal maneje la justicia a conveniencia, de ah\u00ed el hostigamiento del que han sido v\u00edctima por parte de Agentes Estatales de Investigaci\u00f3n, que adem\u00e1s les roban el poco dinero que ganan como comerciantes y transportistas.<\/p>\n\n\n\n<p>Raz\u00f3n por la que dentro de su protesta incluyeron una representaci\u00f3n de una \u201cjusticia violentada\u201d, debido a la actuaci\u00f3n de las autoridades oaxaque\u00f1as a quienes adem\u00e1s exigieron la liberaci\u00f3n de Francisco Javier Mart\u00ednez, hijo de \u201cDon Panchito\u201d, a tres a\u00f1os de ser puesto tras las rejas en el penal de Miahuatl\u00e1n.&nbsp;<\/p>\n\n\n\n<p>As\u00ed mismo, insistieron en concretar una audiencia con el gobernador Alejandro Murat, a quien adem\u00e1s le reprocharon no haberlos recibido con anterioridad, ni una sola vez, por lo que anunciaron un plant\u00f3n indefinido en el z\u00f3calo de la ciudad.<\/p>\n\n\n\n<figure class=\"wp-block-embed-twitter wp-block-embed is-type-rich is-provider-twitter\"><div class=\"wp-block-embed__wrapper\">\n<div class=\"twitter-tweet\"><blockquote class=\"twitter-tweet\" data-lang=\"es\"><p lang=\"es\" dir=\"ltr\"><a href=\"https:\/\/twitter.com\/hashtag\/ENVIVO?src=hash&amp;ref_src=twsrc%5Etfw\">#ENVIVO<\/a><br>Cientos de militantes del Frente Popular \u201c14 de Junio\u201d procedentes de Santa Cruz Xoxocotl\u00e1n, arriban al z\u00f3calo de la ciudad de Oaxaca. Retiran con violencia vallas del Palacio de Gobierno. <br>\ud83d\udc47<a href=\"https:\/\/t.co\/MSzSJzwN2v\">https:\/\/t.co\/MSzSJzwN2v<\/a> <a href=\"https:\/\/t.co\/VL6yp7MYay\">pic.twitter.com\/VL6yp7MYay<\/a><\/p>&mdash; Zona Roja Oaxaca (@MexRoja) <a href=\"https:\/\/twitter.com\/MexRoja\/status\/1306305505971720192?ref_src=twsrc%5Etfw\">16 de septiembre de 2020<\/a><\/blockquote><\/div>\n<\/div><\/figure>\n\n\n\n<p>\u201cLe pedimos se\u00f1or gobernador una audiencia, a las autoridades que saquen las manos de las carpetas de investigaci\u00f3n y dejen de poner obst\u00e1culo para acceder a la justicia. No nos vamos a mover hasta que seamos atendidos, esperamos no ser reprimidos como suelen actuar en contra de nuestra organizaci\u00f3n\u201d, concluyeron, los encabezados por su asesor jur\u00eddico, Valent\u00edn Ib\u00e1\u00f1ez.&nbsp;<\/p>\n\n\n\n<p>APOYOS A ARTESANOS<\/p>\n\n\n\n<p>Asimismo, demandaron apoyos para los artesanos afectados, principalmente en Santa Cruz Xoxocotl\u00e1n y Cuil\u00e1pam de Guerrero, con alrededor de 200 comerciantes.<\/p>\n\n\n\n<p>Indicaron que requieren espacios para sus ventas, permisos para exposiciones, para eventos y ventas, con las respectivas medidas sanitarias.<\/p>\n\n\n\n<p>Denunciaron que el Gobierno del Estado se ha olvidado totalmente de este sector comercial y demandaron, a trav\u00e9s de su dirigente Blanca J. Vald\u00e9s N\u00e1poles, impulso econ\u00f3mico al sector.<\/p>\n\n\n\n<figure class=\"wp-block-image size-large\"><img decoding=\"async\" width=\"1024\" height=\"768\" src=\"http:\/\/www.zonaroja.com.mx\/wp-content\/uploads\/2020\/09\/Violencia-Frente-Popular-14-de-Junio-1024x768.jpg\" alt=\"\" class=\"wp-image-17673\" srcset=\"https:\/\/zonaroja.com.mx\/wp-content\/uploads\/2020\/09\/Violencia-Frente-Popular-14-de-Junio-1024x768.jpg 1024w, https:\/\/zonaroja.com.mx\/wp-content\/uploads\/2020\/09\/Violencia-Frente-Popular-14-de-Junio-300x225.jpg 300w, https:\/\/zonaroja.com.mx\/wp-content\/uploads\/2020\/09\/Violencia-Frente-Popular-14-de-Junio-768x576.jpg 768w, https:\/\/zonaroja.com.mx\/wp-content\/uploads\/2020\/09\/Violencia-Frente-Popular-14-de-Junio-1170x878.jpg 1170w, https:\/\/zonaroja.com.mx\/wp-content\/uploads\/2020\/09\/Violencia-Frente-Popular-14-de-Junio-585x439.jpg 585w, https:\/\/zonaroja.com.mx\/wp-content\/uploads\/2020\/09\/Violencia-Frente-Popular-14-de-Junio.jpg 1280w\" sizes=\"(max-width: 1024px) 100vw, 1024px\" \/><\/figure>\n","protected":false},"excerpt":{"rendered":"<p>Evlin Arag\u00f3n\/Zona Roja. Oaxaca de Ju\u00e1rez, Oax., 16 de septiembre de 2020.- Cientos de integrantes&hellip;<\/p>\n","protected":false},"author":2,"featured_media":17672,"comment_status":"closed","ping_status":"open","sticky":false,"template":"","format":"standard","meta":{"_lmt_disableupdate":"","_lmt_disable":"","_jetpack_memberships_contains_paid_content":false,"footnotes":""},"categories":[109,47],"tags":[2018],"class_list":["post-17671","post","type-post","status-publish","format-standard","has-post-thumbnail","hentry","category-minuto-a-minuto","category-zona-gris","tag-frente-popular-14-de-junio-oaxaca"],"jetpack_featured_media_url":"https:\/\/zonaroja.com.mx\/wp-content\/uploads\/2020\/09\/Protesta-Frente-Popular-14-de-Junio.png","jetpack_sharing_enabled":true,"_links":{"self":[{"href":"https:\/\/zonaroja.com.mx\/index.php?rest_route=\/wp\/v2\/posts\/17671","targetHints":{"allow":["GET"]}}],"collection":[{"href":"https:\/\/zonaroja.com.mx\/index.php?rest_route=\/wp\/v2\/posts"}],"about":[{"href":"https:\/\/zonaroja.com.mx\/index.php?rest_route=\/wp\/v2\/types\/post"}],"author":[{"embeddable":true,"href":"https:\/\/zonaroja.com.mx\/index.php?rest_route=\/wp\/v2\/users\/2"}],"replies":[{"embeddable":true,"href":"https:\/\/zonaroja.com.mx\/index.php?rest_route=%2Fwp%2Fv2%2Fcomments&post=17671"}],"version-history":[{"count":2,"href":"https:\/\/zonaroja.com.mx\/index.php?rest_route=\/wp\/v2\/posts\/17671\/revisions"}],"predecessor-version":[{"id":17676,"href":"https:\/\/zonaroja.com.mx\/index.php?rest_route=\/wp\/v2\/posts\/17671\/revisions\/17676"}],"wp:featuredmedia":[{"embeddable":true,"href":"https:\/\/zonaroja.com.mx\/index.php?rest_route=\/wp\/v2\/media\/17672"}],"wp:attachment":[{"href":"https:\/\/zonaroja.com.mx\/index.php?rest_route=%2Fwp%2Fv2%2Fmedia&parent=17671"}],"wp:term":[{"taxonomy":"category","embeddable":true,"href":"https:\/\/zonaroja.com.mx\/index.php?rest_route=%2Fwp%2Fv2%2Fcategories&post=17671"},{"taxonomy":"post_tag","embeddable":true,"href":"https:\/\/zonaroja.com.mx\/index.php?rest_route=%2Fwp%2Fv2%2Ftags&post=17671"}],"curies":[{"name":"wp","href":"https:\/\/api.w.org\/{rel}","templated":true}]}}