{"id":17679,"date":"2020-09-16T21:18:54","date_gmt":"2020-09-17T02:18:54","guid":{"rendered":"http:\/\/www.zonaroja.com.mx\/?p=17679"},"modified":"2020-09-16T21:18:59","modified_gmt":"2020-09-17T02:18:59","slug":"cumple-tres-dias-bloqueo-a-la-carretera-a-huajuapan-de-leon","status":"publish","type":"post","link":"https:\/\/zonaroja.com.mx\/?p=17679","title":{"rendered":"Cumple tres d\u00edas bloqueo a la carretera a Huajuapan de Le\u00f3n"},"content":{"rendered":"\n<p>Yuridiana Sosa\/Zona Roja.<\/p>\n\n\n\n<p>Oaxaca de Ju\u00e1rez, Oax., 16 de septiembre de 2020.- Habitantes de la comunidad N\u00facleo Rural Reforma, del municipio de San Andr\u00e9s Dinicuiti, instalaron desde el lunes un bloqueo permanente sobre la carretera Huajuapan-Oaxaca para exigir a la autoridad municipal la entrega de recursos p\u00fablicos.<\/p>\n\n\n\n<p>Luego de tres d\u00edas de manifestaciones, con la obstrucci\u00f3n de esa vialidad como medida de presi\u00f3n, la comunidad decidi\u00f3 la permanencia del bloque al no recibir atenci\u00f3n ni de la presidente municipal, Remedios Pilar P\u00e9rez Cruz, ni del gobierno estatal para lograr acuerdo sobre sus peticiones relacionadas con el reconocimiento pleno como habitantes de ese municipio.<\/p>\n\n\n\n<p>Los pobladores cerraron el paso en inmediaciones del kil\u00f3metro 21 de la carretera federal 190, Oaxaca-M\u00e9xico, cerca de Huajuapan, con montones de tierra, cuerdas y cartulinas en las que exhiben sus demandas, lo que causa graves afectaciones para comunicarse con otras comunidades y municipios de la regi\u00f3n.<\/p>\n\n\n\n<p>El pasado 1 de septiembre las autoridades auxiliares y municipales sostuvieron una reuni\u00f3n con la intervenci\u00f3n de la Secretar\u00eda General de Gobierno (Segego), donde la presidenta se comprometi\u00f3 en llevar la demanda a Cabildo sobre el aumento a 550 pesos como recurso del ramo 28 y el pago del alumbrado p\u00fablico, lo cual no ocurri\u00f3.<\/p>\n\n\n\n<p>Desde inicios de este a\u00f1o el N\u00facleo Rural Reforma presenta distintos problemas administrativos con el ayuntamiento de San Andr\u00e9s Dinicuiti, pues no lo quer\u00edan reconocer como comunidad leg\u00edtima de este municipio.<\/p>\n\n\n\n<p>La edil, se\u00f1alaron los afectados representados por Eladio Lima Mart\u00ednez, en su momento les neg\u00f3 el acta de toma de protesta como nuevo n\u00facleo al se\u00f1alar que deb\u00edan seguir perteneciendo a la agencia Santa Mar\u00eda Tutla, lo cual atras\u00f3 la entrega de sus recursos correspondientes al Fondo III ramo 28 y 33, para la priorizaci\u00f3n de obras.<\/p>\n\n\n\n<p>Los habitantes refieren que estos problemas han generado una serie de violaciones a sus derechos humanos, as\u00ed como a derechos por habitar en ese municipio, uno de ellos el del uso del cementerio.<\/p>\n","protected":false},"excerpt":{"rendered":"<p>Yuridiana Sosa\/Zona Roja. Oaxaca de Ju\u00e1rez, Oax., 16 de septiembre de 2020.- Habitantes de la&hellip;<\/p>\n","protected":false},"author":2,"featured_media":17680,"comment_status":"closed","ping_status":"open","sticky":false,"template":"","format":"standard","meta":{"_lmt_disableupdate":"","_lmt_disable":"","_jetpack_memberships_contains_paid_content":false,"footnotes":""},"categories":[109,47],"tags":[1431],"class_list":["post-17679","post","type-post","status-publish","format-standard","has-post-thumbnail","hentry","category-minuto-a-minuto","category-zona-gris","tag-retenidos-san-andres-dinicuiti"],"jetpack_featured_media_url":"https:\/\/zonaroja.com.mx\/wp-content\/uploads\/2020\/09\/Bloqueo-Dinicuiti.jpg","jetpack_sharing_enabled":true,"_links":{"self":[{"href":"https:\/\/zonaroja.com.mx\/index.php?rest_route=\/wp\/v2\/posts\/17679","targetHints":{"allow":["GET"]}}],"collection":[{"href":"https:\/\/zonaroja.com.mx\/index.php?rest_route=\/wp\/v2\/posts"}],"about":[{"href":"https:\/\/zonaroja.com.mx\/index.php?rest_route=\/wp\/v2\/types\/post"}],"author":[{"embeddable":true,"href":"https:\/\/zonaroja.com.mx\/index.php?rest_route=\/wp\/v2\/users\/2"}],"replies":[{"embeddable":true,"href":"https:\/\/zonaroja.com.mx\/index.php?rest_route=%2Fwp%2Fv2%2Fcomments&post=17679"}],"version-history":[{"count":1,"href":"https:\/\/zonaroja.com.mx\/index.php?rest_route=\/wp\/v2\/posts\/17679\/revisions"}],"predecessor-version":[{"id":17681,"href":"https:\/\/zonaroja.com.mx\/index.php?rest_route=\/wp\/v2\/posts\/17679\/revisions\/17681"}],"wp:featuredmedia":[{"embeddable":true,"href":"https:\/\/zonaroja.com.mx\/index.php?rest_route=\/wp\/v2\/media\/17680"}],"wp:attachment":[{"href":"https:\/\/zonaroja.com.mx\/index.php?rest_route=%2Fwp%2Fv2%2Fmedia&parent=17679"}],"wp:term":[{"taxonomy":"category","embeddable":true,"href":"https:\/\/zonaroja.com.mx\/index.php?rest_route=%2Fwp%2Fv2%2Fcategories&post=17679"},{"taxonomy":"post_tag","embeddable":true,"href":"https:\/\/zonaroja.com.mx\/index.php?rest_route=%2Fwp%2Fv2%2Ftags&post=17679"}],"curies":[{"name":"wp","href":"https:\/\/api.w.org\/{rel}","templated":true}]}}