{"id":17685,"date":"2020-09-17T08:05:33","date_gmt":"2020-09-17T13:05:33","guid":{"rendered":"http:\/\/www.zonaroja.com.mx\/?p=17685"},"modified":"2020-09-17T08:05:36","modified_gmt":"2020-09-17T13:05:36","slug":"ejecutan-a-balazos-a-individuo-en-tuxtepec-oaxaca","status":"publish","type":"post","link":"https:\/\/zonaroja.com.mx\/?p=17685","title":{"rendered":"Ejecutan a balazos a individuo en Tuxtepec, Oaxaca"},"content":{"rendered":"\n<p>Redacci\u00f3n\/Zona Roja.<\/p>\n\n\n\n<p>Oaxaca de Ju\u00e1rez, Oax., 17 de septiembre de 2020.- Una persona del sexo masculino fue atacado a balazos anoche en San Juan Bautista Tuxtepec y perdi\u00f3 la vida posteriormente en un hospital.<\/p>\n\n\n\n<p>Los hechos ocurrieron minutos despu\u00e9s de las 19:00 horas, en un taller mec\u00e1nico ubicado &nbsp;a un costado del bulevar Francisco Fern\u00e1ndez Arteaga de la colonia Santa Fe.<\/p>\n\n\n\n<p>Sujetos armados dispararon en contra de Antonio Tolentino Ter\u00e1n, de 32 a\u00f1os de edad, quien fue trasladado grave a un hospital de dicha regi\u00f3n de la Cuenca, donde posteriormente falleci\u00f3.<\/p>\n\n\n\n<p>Seg\u00fan un recuento del medio informativo \u201cEl Pi\u00f1ero\u201d, a la fecha suman 65 personas asesinadas a balazos en el transcurso de este a\u00f1o 2020. Hasta el momento no hay personas detenidas.<\/p>\n","protected":false},"excerpt":{"rendered":"<p>Redacci\u00f3n\/Zona Roja. Oaxaca de Ju\u00e1rez, Oax., 17 de septiembre de 2020.- Una persona del sexo&hellip;<\/p>\n","protected":false},"author":2,"featured_media":17686,"comment_status":"closed","ping_status":"open","sticky":false,"template":"","format":"standard","meta":{"_lmt_disableupdate":"","_lmt_disable":"","_jetpack_memberships_contains_paid_content":false,"footnotes":""},"categories":[109,51],"tags":[635],"class_list":["post-17685","post","type-post","status-publish","format-standard","has-post-thumbnail","hentry","category-minuto-a-minuto","category-zona-roja","tag-ejecutado-tuxtepec"],"jetpack_featured_media_url":"https:\/\/zonaroja.com.mx\/wp-content\/uploads\/2020\/09\/Ejecutado-Tuxtepec-16-sept.jpg","jetpack_sharing_enabled":true,"_links":{"self":[{"href":"https:\/\/zonaroja.com.mx\/index.php?rest_route=\/wp\/v2\/posts\/17685","targetHints":{"allow":["GET"]}}],"collection":[{"href":"https:\/\/zonaroja.com.mx\/index.php?rest_route=\/wp\/v2\/posts"}],"about":[{"href":"https:\/\/zonaroja.com.mx\/index.php?rest_route=\/wp\/v2\/types\/post"}],"author":[{"embeddable":true,"href":"https:\/\/zonaroja.com.mx\/index.php?rest_route=\/wp\/v2\/users\/2"}],"replies":[{"embeddable":true,"href":"https:\/\/zonaroja.com.mx\/index.php?rest_route=%2Fwp%2Fv2%2Fcomments&post=17685"}],"version-history":[{"count":1,"href":"https:\/\/zonaroja.com.mx\/index.php?rest_route=\/wp\/v2\/posts\/17685\/revisions"}],"predecessor-version":[{"id":17687,"href":"https:\/\/zonaroja.com.mx\/index.php?rest_route=\/wp\/v2\/posts\/17685\/revisions\/17687"}],"wp:featuredmedia":[{"embeddable":true,"href":"https:\/\/zonaroja.com.mx\/index.php?rest_route=\/wp\/v2\/media\/17686"}],"wp:attachment":[{"href":"https:\/\/zonaroja.com.mx\/index.php?rest_route=%2Fwp%2Fv2%2Fmedia&parent=17685"}],"wp:term":[{"taxonomy":"category","embeddable":true,"href":"https:\/\/zonaroja.com.mx\/index.php?rest_route=%2Fwp%2Fv2%2Fcategories&post=17685"},{"taxonomy":"post_tag","embeddable":true,"href":"https:\/\/zonaroja.com.mx\/index.php?rest_route=%2Fwp%2Fv2%2Ftags&post=17685"}],"curies":[{"name":"wp","href":"https:\/\/api.w.org\/{rel}","templated":true}]}}