{"id":17694,"date":"2020-09-17T10:09:58","date_gmt":"2020-09-17T15:09:58","guid":{"rendered":"http:\/\/www.zonaroja.com.mx\/?p=17694"},"modified":"2020-09-17T12:22:16","modified_gmt":"2020-09-17T17:22:16","slug":"cierran-oficinas-de-profeco-en-oaxaca-por-casos-de-covid-19","status":"publish","type":"post","link":"https:\/\/zonaroja.com.mx\/?p=17694","title":{"rendered":"Cierran una semana oficinas de Profeco en Oaxaca, por casos de Covid-19"},"content":{"rendered":"\n<p class=\"MsoNormal\">Evlin Arag\u00f3n\/Zona Roja. <\/p>\n\n\n\n<p class=\"MsoNormal\">Oaxaca de Ju\u00e1rez, Oax.. 17 de septiembre de 2020.- Debido a los contagios por Covid-19 que se registran en personal de la delegaci\u00f3n en Oaxaca de la Procuradur\u00eda Federal del Consumidor (Profeco), las oficinas centrales de la dependencia han cerrado sus puertas <a href=\"\/\/0\">hasta el pr\u00f3ximo lunes<\/a> 21 de septiembre cuando se tiene proyectado habilitar el servicio de manera personal.  <\/p>\n\n\n\n<p class=\"MsoNormal\">As\u00ed lo confirm\u00f3 a trav\u00e9s de sus redes sociales Lourdes Santiago Cruz, titular de la dependencia, quien refiri\u00f3 que el edificio sede de la instituci\u00f3n encargada de empoderar a las y los consumidores tendr\u00e1 que ser \u201csanitizado\u201d conforme a los protocolos emitidos por las autoridades en materia de salud.&nbsp;<\/p>\n\n\n\n<p class=\"MsoNormal\">\u201cAnte diagn\u00f3stico positivo Covid-19 de personal que ah\u00ed laboramos, se procedi\u00f3 a iniciar protocolo de sanidad: se cierra oficina al p\u00fablico hasta sanitizaci\u00f3n del edificio y reorganizaci\u00f3n de actividades y e mantiene la atenci\u00f3n en l\u00ednea y trabajo en casa\u201d, refiri\u00f3.&nbsp;&nbsp;<\/p>\n\n\n\n<p class=\"MsoNormal\">As\u00ed mismo extern\u00f3 que los servicios se mantendr\u00e1n v\u00eda telef\u00f3nica en los n\u00fameros&nbsp;<a href=\"tel:55%2055%2068%20722\">55 55 68 722<\/a>,&nbsp;<a href=\"tel:951%20364%2013%2010\">951 364 13 10<\/a>,&nbsp;<a href=\"tel:951%20234%206535\">951 234 6535<\/a>&nbsp;y&nbsp;<a href=\"tel:951%20425%2056%2080\">951 425 56 80<\/a>, en donde se dar\u00e1 informaci\u00f3n de asuntos en tr\u00e1mites, asesor\u00edas y recepci\u00f3n de denuncias en el \u00e1mbito de su competencia.&nbsp;&nbsp;<\/p>\n\n\n\n<p class=\"MsoNormal\">La funcionaria insisti\u00f3 en que ser\u00e1 el lunes pr\u00f3ximo que el personal reanudar\u00e1 servicio al p\u00fablico, a la par que aprovech\u00f3 para reconocer su trabajo ininterrumpido y comprometido, a\u00fan en medio de la adversidad y de las situaciones dif\u00edciles que han enfrentado como instituci\u00f3n y de forma personal, debido a la pandemia.&nbsp;&nbsp;<\/p>\n\n\n\n<p class=\"MsoNormal\">Aunque se desconoce el n\u00famero de trabajadores que fueron confirmados con Covid-19, fue la titular de la dependencia quien anunci\u00f3 desde el pasado martes que iniciaba el confinamiento al dar positivo a la prueba realizada.&nbsp;&nbsp;&nbsp;<\/p>\n\n\n\n<p class=\"MsoNormal\">\u201cOrgullosa de mi desempe\u00f1o y mis compa\u00f1eros con quien nos la hemos rifado. Iniciamos confinamiento\u201d refiri\u00f3 Lourdes Santiago en sus redes sociales, tras confirmar su contagio del nuevo coronavirus. <\/p>\n\n\n\n<p class=\"MsoNormal\">Desde hace una semana, la entidad oaxaque\u00f1a regres\u00f3 al color naranja en el sem\u00e1foro epidemiol\u00f3gico, lo cual refiere un mayor riesgo de contagio particularmente en la capital y zona conurbada que concentran el mayor n\u00famero de casos.&nbsp;&nbsp;<\/p>\n\n\n\n<p class=\"MsoNormal\">En Oaxaca, la entidad ha alcanzado los 15 mil 030 positivos de Covid-19, toda vez que en las \u00faltimas 24 horas se notificaron 50 casos nuevos; as\u00ed mismo al corte epidemiol\u00f3gico de este mi\u00e9rcoles 16 de septiembre se contabilizaron tres decesos m\u00e1s, que suman mil 374 personas fallecidas debido a la pandemia.  <\/p>\n","protected":false},"excerpt":{"rendered":"<p>Evlin Arag\u00f3n\/Zona Roja. Oaxaca de Ju\u00e1rez, Oax.. 17 de septiembre de 2020.- Debido a los&hellip;<\/p>\n","protected":false},"author":2,"featured_media":17695,"comment_status":"closed","ping_status":"open","sticky":false,"template":"","format":"standard","meta":{"_lmt_disableupdate":"","_lmt_disable":"","_jetpack_memberships_contains_paid_content":false,"footnotes":""},"categories":[109,47],"tags":[2019],"class_list":["post-17694","post","type-post","status-publish","format-standard","has-post-thumbnail","hentry","category-minuto-a-minuto","category-zona-gris","tag-procuaduria-federal-del-consumidor-profeco-oaxaca"],"jetpack_featured_media_url":"https:\/\/zonaroja.com.mx\/wp-content\/uploads\/2020\/09\/Oficinas-Profeco-Oaxaca-2.jpg","jetpack_sharing_enabled":true,"_links":{"self":[{"href":"https:\/\/zonaroja.com.mx\/index.php?rest_route=\/wp\/v2\/posts\/17694","targetHints":{"allow":["GET"]}}],"collection":[{"href":"https:\/\/zonaroja.com.mx\/index.php?rest_route=\/wp\/v2\/posts"}],"about":[{"href":"https:\/\/zonaroja.com.mx\/index.php?rest_route=\/wp\/v2\/types\/post"}],"author":[{"embeddable":true,"href":"https:\/\/zonaroja.com.mx\/index.php?rest_route=\/wp\/v2\/users\/2"}],"replies":[{"embeddable":true,"href":"https:\/\/zonaroja.com.mx\/index.php?rest_route=%2Fwp%2Fv2%2Fcomments&post=17694"}],"version-history":[{"count":2,"href":"https:\/\/zonaroja.com.mx\/index.php?rest_route=\/wp\/v2\/posts\/17694\/revisions"}],"predecessor-version":[{"id":17704,"href":"https:\/\/zonaroja.com.mx\/index.php?rest_route=\/wp\/v2\/posts\/17694\/revisions\/17704"}],"wp:featuredmedia":[{"embeddable":true,"href":"https:\/\/zonaroja.com.mx\/index.php?rest_route=\/wp\/v2\/media\/17695"}],"wp:attachment":[{"href":"https:\/\/zonaroja.com.mx\/index.php?rest_route=%2Fwp%2Fv2%2Fmedia&parent=17694"}],"wp:term":[{"taxonomy":"category","embeddable":true,"href":"https:\/\/zonaroja.com.mx\/index.php?rest_route=%2Fwp%2Fv2%2Fcategories&post=17694"},{"taxonomy":"post_tag","embeddable":true,"href":"https:\/\/zonaroja.com.mx\/index.php?rest_route=%2Fwp%2Fv2%2Ftags&post=17694"}],"curies":[{"name":"wp","href":"https:\/\/api.w.org\/{rel}","templated":true}]}}