{"id":17705,"date":"2020-09-17T14:18:26","date_gmt":"2020-09-17T19:18:26","guid":{"rendered":"http:\/\/www.zonaroja.com.mx\/?p=17705"},"modified":"2020-09-17T14:18:30","modified_gmt":"2020-09-17T19:18:30","slug":"el-centro-fotografico-mab-cumple-24-anos-de-fomentar-el-arte-de-la-fotografia","status":"publish","type":"post","link":"https:\/\/zonaroja.com.mx\/?p=17705","title":{"rendered":"El Centro Fotogr\u00e1fico MAB cumple 24 a\u00f1os de fomentar el arte de la fotograf\u00eda"},"content":{"rendered":"\n<p>Redacci\u00f3n\/Zona Roja.<\/p>\n\n\n\n<p>Oaxaca de Ju\u00e1rez, Oax., 17 de septiembre de 2020.- El Centro Fotogr\u00e1fico \u201cManuel \u00c1lvarez Bravo\u201d (CFMAB) llega a su aniversario n\u00famero 24 este 17 de septiembre.<\/p>\n\n\n\n<p>Fausto Nah\u00fam P\u00e9rez S\u00e1nchez, director de dicho espacio, indic\u00f3 que \u201ces un momento complicado dado que los espacios culturales permanecen cerrados por la Covid-19, sin embargo, esto no ha detenido las actividades y desde marzo se realizan en l\u00ednea distintas din\u00e1micas para fomentar el arte de la fotograf\u00eda.<\/p>\n\n\n\n<p>\u201cEl trabajo en el Centro Fotogr\u00e1fico es constante y todos los d\u00edas trabajamos para que el centro contin\u00fae, las actividades y din\u00e1micas de trabajo se han tenido que adaptar en los \u00faltimos meses y el p\u00fablico ha respondido bien a cada una de las invitaciones a charlas, concursos y talleres en l\u00ednea\u201d, dijo.<\/p>\n\n\n\n<p>A su vez, Sara L\u00f3pez Ellitsgaard, presidenta de Amigos del IAGO y del CFMAB A. C. indic\u00f3 que el maestro Francisco Toledo \u201ccre\u00f3 hace 24 a\u00f1os un espacio para que la gente pudiera aprender fotograf\u00eda, crear y conocer la colecci\u00f3n fotogr\u00e1fica que cre\u00f3 y sigue creciendo\u201d.<\/p>\n\n\n\n<p>\u201cEstamos contentos de cumplir un a\u00f1o m\u00e1s de vida, y de brindar un servicio al p\u00fablico de Oaxaca y a quienes nos visitan. Agradecemos al equipo que conforma el centro, a\u00f1o con a\u00f1o hemos visto la llegada de nuevos p\u00fablicos y a pesar de tener las puertas cerradas por la contingencia sanitaria se han podido desarrollar las actividades y hemos llegado a nuestros usuarios a trav\u00e9s de internet\u201d, detall\u00f3 L\u00f3pez Ellitsgaard.<\/p>\n\n\n\n<p>Para conmemorar los 24 a\u00f1os de fundaci\u00f3n del CFMAB, se convoc\u00f3 al concurso \u201cRe-crea la fotograf\u00eda\u201d, el cual invit\u00f3 a recrear desde casa una de tres fotograf\u00edas seleccionadas de la colecci\u00f3n que form\u00f3 durante muchos a\u00f1os el artista Francisco Toledo.<\/p>\n\n\n\n<p>En este concurso los ganadores fueron, Augusto Garc\u00eda Jim\u00e9nez del primer lugar, Ang\u00e9lica Valeria Ram\u00edrez Quintero, segundo lugar; Sandy Bell Espinosa del tercer lugar y Armando Luis V\u00e1squez obtuvo el Premio del p\u00fablico.<\/p>\n\n\n\n<p>Tambi\u00e9n se realizar\u00e1 una revisi\u00f3n de portafolios dirigida por tres fot\u00f3grafos, esta actividad responde a las solicitudes que han hecho quienes han sido parte de los talleres de proyectos de Juan Carlos Reyes y Claudia Terroso.<\/p>\n\n\n\n<p>Para continuar con las actividades, el Reto CFMAB que se ha lanzado en instagram y ha tenido buena aceptaci\u00f3n entre los usuarios de esta red social, en esta ocasi\u00f3n se invita a las personas a subir im\u00e1genes de celebraciones con pastel, los autores de las mejores 10 fotograf\u00edas obtendr\u00e1n un regalo sorpresa.<\/p>\n\n\n\n<p>Otra de las actividades que se retomaron este mes de septiembre fue \u201cAprehendiendo con la imagen\u201d, una serie de videotutoriales de actividades dirigidas al p\u00fablico infantil en torno a la imagen fotogr\u00e1fica y las artes pl\u00e1sticas, \u00e9stas se publicar\u00e1n en redes sociales todos los s\u00e1bados al mediod\u00eda.<\/p>\n\n\n\n<p>Entre los talleres que se programaron dentro de las actividades de septiembre est\u00e1n: B\u00e1sico de fotograf\u00eda, impartido por Bertha Cervantes; Camino invisible la lectura literaria como herramienta para generar discursos visuales en fotograf\u00eda, impartido por Dolores Medel; Dinamitar la isla. Procesos creativos experimentales para producir y pensar desde casa, impartido por Enero y Abril los martes y jueves del 21 al 30 de septiembre y el taller Laboratorio Estenopeico, impartido por Mar\u00eda Luisa Santos, del 5 al 16 de octubre, \u00e9ste incluye un kit para que los alumnos creen su propio cuartoscuro.<\/p>\n\n\n\n<p>El CFMAB abri\u00f3 sus puertas el 17 de septiembre de 1996 en una casa del artista Francisco Toledo, quien decidi\u00f3 ponerle al espacio el nombre del fot\u00f3grafo \u201cManuel \u00c1lvarez Bravo\u201d ya que era admirador de su obra.<\/p>\n\n\n\n<p>El espacio cultural se encuentra ubicado en la esquina que forman las calles de M. Bravo y Garc\u00eda Vigil; la primera sede del CFMAB fue en la calle de Murgu\u00eda, a la inauguraci\u00f3n el 17 de septiembre de 1996 acudi\u00f3 el fot\u00f3grafo Manuel \u00c1lvarez Bravo.<\/p>\n\n\n\n<p>Desde su fundaci\u00f3n, diversas personalidades han estado presentes en este sitio, desde Charles Harbutt, Graciela Iturbide, Walter Reuter, Lola \u00c1lvarez Bravo y Mary Ellen Mark, entre muchos otros.<\/p>\n","protected":false},"excerpt":{"rendered":"<p>Redacci\u00f3n\/Zona Roja. Oaxaca de Ju\u00e1rez, Oax., 17 de septiembre de 2020.- El Centro Fotogr\u00e1fico \u201cManuel&hellip;<\/p>\n","protected":false},"author":2,"featured_media":17706,"comment_status":"closed","ping_status":"open","sticky":false,"template":"","format":"standard","meta":{"_lmt_disableupdate":"","_lmt_disable":"","_jetpack_memberships_contains_paid_content":false,"footnotes":""},"categories":[109,46],"tags":[2020],"class_list":["post-17705","post","type-post","status-publish","format-standard","has-post-thumbnail","hentry","category-minuto-a-minuto","category-zona-blanca","tag-centro-fotografico-manuel-alvarez-bravo"],"jetpack_featured_media_url":"https:\/\/zonaroja.com.mx\/wp-content\/uploads\/2020\/09\/CF-Sept-20-0172.jpg","jetpack_sharing_enabled":true,"_links":{"self":[{"href":"https:\/\/zonaroja.com.mx\/index.php?rest_route=\/wp\/v2\/posts\/17705","targetHints":{"allow":["GET"]}}],"collection":[{"href":"https:\/\/zonaroja.com.mx\/index.php?rest_route=\/wp\/v2\/posts"}],"about":[{"href":"https:\/\/zonaroja.com.mx\/index.php?rest_route=\/wp\/v2\/types\/post"}],"author":[{"embeddable":true,"href":"https:\/\/zonaroja.com.mx\/index.php?rest_route=\/wp\/v2\/users\/2"}],"replies":[{"embeddable":true,"href":"https:\/\/zonaroja.com.mx\/index.php?rest_route=%2Fwp%2Fv2%2Fcomments&post=17705"}],"version-history":[{"count":1,"href":"https:\/\/zonaroja.com.mx\/index.php?rest_route=\/wp\/v2\/posts\/17705\/revisions"}],"predecessor-version":[{"id":17707,"href":"https:\/\/zonaroja.com.mx\/index.php?rest_route=\/wp\/v2\/posts\/17705\/revisions\/17707"}],"wp:featuredmedia":[{"embeddable":true,"href":"https:\/\/zonaroja.com.mx\/index.php?rest_route=\/wp\/v2\/media\/17706"}],"wp:attachment":[{"href":"https:\/\/zonaroja.com.mx\/index.php?rest_route=%2Fwp%2Fv2%2Fmedia&parent=17705"}],"wp:term":[{"taxonomy":"category","embeddable":true,"href":"https:\/\/zonaroja.com.mx\/index.php?rest_route=%2Fwp%2Fv2%2Fcategories&post=17705"},{"taxonomy":"post_tag","embeddable":true,"href":"https:\/\/zonaroja.com.mx\/index.php?rest_route=%2Fwp%2Fv2%2Ftags&post=17705"}],"curies":[{"name":"wp","href":"https:\/\/api.w.org\/{rel}","templated":true}]}}