{"id":17724,"date":"2020-09-17T22:07:01","date_gmt":"2020-09-18T03:07:01","guid":{"rendered":"http:\/\/www.zonaroja.com.mx\/?p=17724"},"modified":"2020-09-17T22:10:09","modified_gmt":"2020-09-18T03:10:09","slug":"arrastra-rio-a-una-persona-en-la-region-de-la-costa","status":"publish","type":"post","link":"https:\/\/zonaroja.com.mx\/?p=17724","title":{"rendered":"Arrastra r\u00edo a una persona en la regi\u00f3n de la Costa"},"content":{"rendered":"\n<p>Redacci\u00f3n\/Zona Roja.<\/p>\n\n\n\n<p>Oaxaca de Ju\u00e1rez, Oax. 17 de septiembre de 2020.- El Gobierno del Estado a trav\u00e9s de la Coordinaci\u00f3n Estatal de Protecci\u00f3n Civil de Oaxaca (CEPCO), activ\u00f3 los protocolos de b\u00fasqueda por una persona desaparecida en el afluente \u201cR\u00edo Grande\u201d, en la regi\u00f3n de la Costa.<\/p>\n\n\n\n<p>En un comunicado, detall\u00f3 que que las autoridades municipales de San Agust\u00edn Chayuco reportaron que esta tarde un hombre de 65 a\u00f1os fue arrastrado por la corriente de \u201cR\u00edo Grande\u201d.<\/p>\n\n\n\n<p>De acuerdo al presidente municipal, Erick Cajero Garz\u00f3n, los hechos se presentaron a la altura del plantel del IEBO 57, cuando Calixto L. L. intent\u00f3 cruzar el afluente, sin embargo, en el intento la fuerte corriente lo arrastr\u00f3.<\/p>\n\n\n\n<p>Derivado de estos hechos, la delegaci\u00f3n Costa, a cargo de Javier Ba\u00f1os Velasco, ha iniciado los protocolos de b\u00fasqueda en la zona, contact\u00e1ndose con presidentes municipales de la regi\u00f3n para instalar filtros que permitan ubicar a la persona.<\/p>\n","protected":false},"excerpt":{"rendered":"<p>Redacci\u00f3n\/Zona Roja. Oaxaca de Ju\u00e1rez, Oax. 17 de septiembre de 2020.- El Gobierno del Estado&hellip;<\/p>\n","protected":false},"author":2,"featured_media":17726,"comment_status":"closed","ping_status":"open","sticky":false,"template":"","format":"standard","meta":{"_lmt_disableupdate":"","_lmt_disable":"","_jetpack_memberships_contains_paid_content":false,"footnotes":""},"categories":[109,47],"tags":[588],"class_list":["post-17724","post","type-post","status-publish","format-standard","has-post-thumbnail","hentry","category-minuto-a-minuto","category-zona-gris","tag-san-agustin-chayuco"],"jetpack_featured_media_url":"https:\/\/zonaroja.com.mx\/wp-content\/uploads\/2020\/09\/img_2159.jpg","jetpack_sharing_enabled":true,"_links":{"self":[{"href":"https:\/\/zonaroja.com.mx\/index.php?rest_route=\/wp\/v2\/posts\/17724","targetHints":{"allow":["GET"]}}],"collection":[{"href":"https:\/\/zonaroja.com.mx\/index.php?rest_route=\/wp\/v2\/posts"}],"about":[{"href":"https:\/\/zonaroja.com.mx\/index.php?rest_route=\/wp\/v2\/types\/post"}],"author":[{"embeddable":true,"href":"https:\/\/zonaroja.com.mx\/index.php?rest_route=\/wp\/v2\/users\/2"}],"replies":[{"embeddable":true,"href":"https:\/\/zonaroja.com.mx\/index.php?rest_route=%2Fwp%2Fv2%2Fcomments&post=17724"}],"version-history":[{"count":1,"href":"https:\/\/zonaroja.com.mx\/index.php?rest_route=\/wp\/v2\/posts\/17724\/revisions"}],"predecessor-version":[{"id":17725,"href":"https:\/\/zonaroja.com.mx\/index.php?rest_route=\/wp\/v2\/posts\/17724\/revisions\/17725"}],"wp:featuredmedia":[{"embeddable":true,"href":"https:\/\/zonaroja.com.mx\/index.php?rest_route=\/wp\/v2\/media\/17726"}],"wp:attachment":[{"href":"https:\/\/zonaroja.com.mx\/index.php?rest_route=%2Fwp%2Fv2%2Fmedia&parent=17724"}],"wp:term":[{"taxonomy":"category","embeddable":true,"href":"https:\/\/zonaroja.com.mx\/index.php?rest_route=%2Fwp%2Fv2%2Fcategories&post=17724"},{"taxonomy":"post_tag","embeddable":true,"href":"https:\/\/zonaroja.com.mx\/index.php?rest_route=%2Fwp%2Fv2%2Ftags&post=17724"}],"curies":[{"name":"wp","href":"https:\/\/api.w.org\/{rel}","templated":true}]}}