{"id":17727,"date":"2020-09-17T22:25:21","date_gmt":"2020-09-18T03:25:21","guid":{"rendered":"http:\/\/www.zonaroja.com.mx\/?p=17727"},"modified":"2020-09-17T22:25:26","modified_gmt":"2020-09-18T03:25:26","slug":"en-48-horas-cae-otro-enorme-laurel-en-el-zocalo-de-oaxaca","status":"publish","type":"post","link":"https:\/\/zonaroja.com.mx\/?p=17727","title":{"rendered":"En 48 horas, cae otro enorme laurel en el z\u00f3calo de Oaxaca"},"content":{"rendered":"\n<p>Redacci\u00f3n\/Zona Roja.<\/p>\n\n\n\n<p>Oaxaca de Ju\u00e1rez, Oax., 17 de septiembre de 2020.- A 48 horas de la ca\u00edda de un laurel en el z\u00f3calo de la ciudad de Oaxaca, otro enorme ejemplar fue derribado esta noche por las intensas lluvias.<\/p>\n\n\n\n<p>El suceso ocurri\u00f3 alrededor de las 21:00 horas, del lado oriente del llamado Jard\u00edn de la Constituci\u00f3n y algunas ramas alcanzaron entrar al portal Benito Ju\u00e1rez, encima de unas mesas del restaurante \u201cTerranova\u201d.<\/p>\n\n\n\n<p>De manera inicial se habl\u00f3 de dos personas con lesiones leves, sin embargo, posteriormente las autoridades confirmaron que fue s\u00f3lo una persona, atendida por la Cruz Roja Mexicana, delegaci\u00f3n Oaxaca.<\/p>\n\n\n\n<figure class=\"wp-block-embed-twitter wp-block-embed is-type-rich is-provider-twitter\"><div class=\"wp-block-embed__wrapper\">\n<div class=\"twitter-tweet\"><blockquote class=\"twitter-tweet\" data-lang=\"es\"><p lang=\"es\" dir=\"ltr\"><a href=\"https:\/\/twitter.com\/hashtag\/UltimoMinuto?src=hash&amp;ref_src=twsrc%5Etfw\">#UltimoMinuto<\/a> <br>Apenas el martes por la noche hab\u00eda ca\u00eddo un <a href=\"https:\/\/twitter.com\/hashtag\/laurel?src=hash&amp;ref_src=twsrc%5Etfw\">#laurel<\/a> en el z\u00f3calo de la capital de <a href=\"https:\/\/twitter.com\/hashtag\/Oaxaca?src=hash&amp;ref_src=twsrc%5Etfw\">#Oaxaca<\/a>; hoy otro, cuyas ramas alcanzaron el portal Benito Ju\u00e1rez y dejaron, de manera preliminar, dos personas con lesiones leves, que atendi\u00f3 la <a href=\"https:\/\/twitter.com\/cruzrojaoaxaca?ref_src=twsrc%5Etfw\">@cruzrojaoaxaca<\/a>. <a href=\"https:\/\/t.co\/fcGqX1PUG9\">pic.twitter.com\/fcGqX1PUG9<\/a><\/p>&mdash; Zona Roja Oaxaca (@MexRoja) <a href=\"https:\/\/twitter.com\/MexRoja\/status\/1306784895704989701?ref_src=twsrc%5Etfw\">18 de septiembre de 2020<\/a><\/blockquote><\/div>\n<\/div><\/figure>\n\n\n\n<p>Personal el Heroico Cuerpo de Bomberos arrib\u00f3 a la zona para iniciar los trabajos de retiro, pese a la lluvia. Apenas la noche del martes 15 de septiembre  cay\u00f3 un a\u00f1oso laurel, en la parte poniente del z\u00f3calo, que s\u00f3lo da\u00f1\u00f3 un trozo de la cornisa del portal de Las Flores.<\/p>\n\n\n\n<p>De acuerdo con la Coordinaci\u00f3n Estatal de Protecci\u00f3n Civil de Oaxaca, se ha form\u00f3 la Depresi\u00f3n Tropical \u00abVeintid\u00f3s\u00bb en el occidente del Golfo de M\u00e9xico, a 330 kil\u00f3metros al este-noreste de Tuxpan, Veracruz. Su circulaci\u00f3n favorece lluvias de intensidad variable en las pr\u00f3ximas 24 horas en gran parte de la entidad oaxaque\u00f1a.<\/p>\n\n\n\n<figure class=\"wp-block-embed-twitter wp-block-embed is-type-rich is-provider-twitter\"><div class=\"wp-block-embed__wrapper\">\n<div class=\"twitter-tweet\"><blockquote class=\"twitter-tweet\" data-lang=\"es\"><p lang=\"es\" dir=\"ltr\"><a href=\"https:\/\/twitter.com\/hashtag\/%C3%9AltimoMinuto?src=hash&amp;ref_src=twsrc%5Etfw\">#\u00daltimoMinuto<\/a> <br>Personal del <a href=\"https:\/\/twitter.com\/Bomberos_GobOax?ref_src=twsrc%5Etfw\">@Bomberos_GobOax<\/a> arrib\u00f3 de inmediato al z\u00f3calo de la capital oaxaque\u00f1a, para comenzar a retirar el enorme laurel que cay\u00f3 en el z\u00f3calo, en la parte oriente; el pasado martes fue del lado poniente. <a href=\"https:\/\/t.co\/UckokuInLX\">pic.twitter.com\/UckokuInLX<\/a><\/p>&mdash; Zona Roja Oaxaca (@MexRoja) <a href=\"https:\/\/twitter.com\/MexRoja\/status\/1306789396075679744?ref_src=twsrc%5Etfw\">18 de septiembre de 2020<\/a><\/blockquote><\/div>\n<\/div><\/figure>\n","protected":false},"excerpt":{"rendered":"<p>Redacci\u00f3n\/Zona Roja. Oaxaca de Ju\u00e1rez, Oax., 17 de septiembre de 2020.- A 48 horas de&hellip;<\/p>\n","protected":false},"author":2,"featured_media":17728,"comment_status":"closed","ping_status":"open","sticky":false,"template":"","format":"standard","meta":{"_lmt_disableupdate":"","_lmt_disable":"","_jetpack_memberships_contains_paid_content":false,"footnotes":""},"categories":[109,47],"tags":[2017],"class_list":["post-17727","post","type-post","status-publish","format-standard","has-post-thumbnail","hentry","category-minuto-a-minuto","category-zona-gris","tag-cae-laurel-del-zocalo-ciudad-de-oaxaca"],"jetpack_featured_media_url":"https:\/\/zonaroja.com.mx\/wp-content\/uploads\/2020\/09\/Laurel-caido-zocalo-Oaxaca.jpg","jetpack_sharing_enabled":true,"_links":{"self":[{"href":"https:\/\/zonaroja.com.mx\/index.php?rest_route=\/wp\/v2\/posts\/17727","targetHints":{"allow":["GET"]}}],"collection":[{"href":"https:\/\/zonaroja.com.mx\/index.php?rest_route=\/wp\/v2\/posts"}],"about":[{"href":"https:\/\/zonaroja.com.mx\/index.php?rest_route=\/wp\/v2\/types\/post"}],"author":[{"embeddable":true,"href":"https:\/\/zonaroja.com.mx\/index.php?rest_route=\/wp\/v2\/users\/2"}],"replies":[{"embeddable":true,"href":"https:\/\/zonaroja.com.mx\/index.php?rest_route=%2Fwp%2Fv2%2Fcomments&post=17727"}],"version-history":[{"count":1,"href":"https:\/\/zonaroja.com.mx\/index.php?rest_route=\/wp\/v2\/posts\/17727\/revisions"}],"predecessor-version":[{"id":17729,"href":"https:\/\/zonaroja.com.mx\/index.php?rest_route=\/wp\/v2\/posts\/17727\/revisions\/17729"}],"wp:featuredmedia":[{"embeddable":true,"href":"https:\/\/zonaroja.com.mx\/index.php?rest_route=\/wp\/v2\/media\/17728"}],"wp:attachment":[{"href":"https:\/\/zonaroja.com.mx\/index.php?rest_route=%2Fwp%2Fv2%2Fmedia&parent=17727"}],"wp:term":[{"taxonomy":"category","embeddable":true,"href":"https:\/\/zonaroja.com.mx\/index.php?rest_route=%2Fwp%2Fv2%2Fcategories&post=17727"},{"taxonomy":"post_tag","embeddable":true,"href":"https:\/\/zonaroja.com.mx\/index.php?rest_route=%2Fwp%2Fv2%2Ftags&post=17727"}],"curies":[{"name":"wp","href":"https:\/\/api.w.org\/{rel}","templated":true}]}}