{"id":1773,"date":"2019-06-23T11:55:37","date_gmt":"2019-06-23T16:55:37","guid":{"rendered":"http:\/\/www.zonaroja.com.mx\/?p=1773"},"modified":"2019-06-23T11:55:40","modified_gmt":"2019-06-23T16:55:40","slug":"producciones-cinematograficas-de-mujeres-aun-con-dificultades-para-su-realizacion","status":"publish","type":"post","link":"https:\/\/zonaroja.com.mx\/?p=1773","title":{"rendered":"Producciones cinematogr\u00e1ficas de mujeres, a\u00fan con dificultades para su realizaci\u00f3n"},"content":{"rendered":"\n<p>Evlin Arag\u00f3n<\/p>\n\n\n\n<p>Oaxaca de\nJu\u00e1rez, Oax., 23 de junio de 2019.- Sol Miraglia es una joven fot\u00f3grafa que\nante la negativa de muchos hombres en la industria por rescatar la historia de\nuna familia de mujeres dedicada a un estudio fotogr\u00e1fico, decidi\u00f3 capturar en\nvideo y a detalle la vida de las hermanas Escarria. <\/p>\n\n\n\n<p>Como\nresultado obtuvo el documental \u201cFoto Estudio Luisita\u201d que lleg\u00f3 esta semana a\nla capital como parte de la Caravana de Cine \u00c1rabe e Iberoamericano de Mujeres\nen Oaxaca.<\/p>\n\n\n\n<p>\u201cEsta peli\nse hizo con base a recibir muchas veces como respuesta un \u2018no\u2019, porque empez\u00f3\ncomo una idea de hacer una muestra del material fotogr\u00e1fico tomado por Luisita\nEscarria, pero cuando empec\u00e9 a ir con los grandes maestros de la fotograf\u00eda en\nArgentina, todas las respuestas fueron que no era importante, que no era arte,\nentre muchos m\u00e1s\u201d, expres\u00f3 en el marco de la presentaci\u00f3n del documental.<\/p>\n\n\n\n<p>De origen\nargentino, Sol es contundente al afirmar que si el documental lo hubiera\nrealizado un var\u00f3n, tendr\u00eda menos dificultades para su producci\u00f3n y mayores\nposibilidades de posicionarse no s\u00f3lo ante la cr\u00edtica, sino en los propios\nespacios de exposici\u00f3n.<\/p>\n\n\n\n<p>Si bien\nasegura que hay un avance considerable en la participaci\u00f3n de las mujeres en el\ncine a nivel mundial, la realidad es que a\u00fan es complejo que se tome en serio\nla propuesta, acceder a los recursos y la difusi\u00f3n esperada para llegar al\np\u00fablico.<\/p>\n\n\n\n<p>\u201cEs dif\u00edcil\npara las mujeres, hay que poner mucho el cuerpo, es decir hay que estar\npresente en muchos espacios defendiendo el proyecto, situaci\u00f3n que no pasa con\nlos varones, por suerte se est\u00e1n cambiando las cosas, pero sigue siendo\ncomplejo\u201d, sentenci\u00f3.<\/p>\n\n\n\n<p>Y es que\npara la fot\u00f3grafa y cineasta no s\u00f3lo la realizaci\u00f3n del documental implic\u00f3\ndificultades, toda vez que con el producto terminado y pese a la calidad de\neste, ella y su equipo se han enfrentado a los jurados de los festivales de\ncine donde existe un n\u00famero limitado de mujeres, lo cual mantiene a los varones\ncon el mayor poder de decisi\u00f3n sobre los premios que se otorgan.&nbsp; <\/p>\n\n\n\n<p>Pese a ello\nrecientemente la opera prima de Sol Miraglia obtuvo una menci\u00f3n en EPA CINE &nbsp;&#8211;Festival Internacional De Cine De El\nPalomar, donde fue parte de la Competencia Internacional de Largometrajes&#8211;;\nas\u00ed mismo, gan\u00f3 el premio a mejor direcci\u00f3n de Fotograf\u00eda en el Brooklyn Film\nFestival.<\/p>\n\n\n\n<p>\u201cFoto\nEstudio Luisita\u201d retrata la historia de tres hermanas de origen colombiano pero\nque desde muy j\u00f3venes se mudaron a Buenos Aires, en donde instalaron un estudio\nfotogr\u00e1fico donde una de ellas, Luisita, con un talento innato retrat\u00f3 toda una\n\u00e9poca de forma artesanal, ya que su trabajo fue muchos a\u00f1os antes de la era\ndigital y el cambio que trajo a la industria fotogr\u00e1fica.<\/p>\n\n\n\n<p>Se trata de\nun conmovedor relato que busca sacar del anonimato a estas octogenarias mujeres\nque durante los a\u00f1os 70 y 80 retrataron a las y los personajes m\u00e1s destacados\nde la far\u00e1ndula en Argentina, sin embargo por su condici\u00f3n de mujeres fueron\npoco reconocidas e incluso discriminadas por el gremio fotogr\u00e1fico de la \u00e9poca.<\/p>\n","protected":false},"excerpt":{"rendered":"<p>Evlin Arag\u00f3n Oaxaca de Ju\u00e1rez, Oax., 23 de junio de 2019.- Sol Miraglia es una&hellip;<\/p>\n","protected":false},"author":2,"featured_media":1774,"comment_status":"closed","ping_status":"open","sticky":false,"template":"","format":"standard","meta":{"_lmt_disableupdate":"","_lmt_disable":"","_jetpack_memberships_contains_paid_content":false,"footnotes":""},"categories":[46],"tags":[197,195,198],"class_list":["post-1773","post","type-post","status-publish","format-standard","has-post-thumbnail","hentry","category-zona-blanca","tag-argentina","tag-cineastas","tag-foto-estudio-luisita"],"jetpack_featured_media_url":"https:\/\/zonaroja.com.mx\/wp-content\/uploads\/2019\/06\/Cineastas.jpg","jetpack_sharing_enabled":true,"_links":{"self":[{"href":"https:\/\/zonaroja.com.mx\/index.php?rest_route=\/wp\/v2\/posts\/1773","targetHints":{"allow":["GET"]}}],"collection":[{"href":"https:\/\/zonaroja.com.mx\/index.php?rest_route=\/wp\/v2\/posts"}],"about":[{"href":"https:\/\/zonaroja.com.mx\/index.php?rest_route=\/wp\/v2\/types\/post"}],"author":[{"embeddable":true,"href":"https:\/\/zonaroja.com.mx\/index.php?rest_route=\/wp\/v2\/users\/2"}],"replies":[{"embeddable":true,"href":"https:\/\/zonaroja.com.mx\/index.php?rest_route=%2Fwp%2Fv2%2Fcomments&post=1773"}],"version-history":[{"count":1,"href":"https:\/\/zonaroja.com.mx\/index.php?rest_route=\/wp\/v2\/posts\/1773\/revisions"}],"predecessor-version":[{"id":1775,"href":"https:\/\/zonaroja.com.mx\/index.php?rest_route=\/wp\/v2\/posts\/1773\/revisions\/1775"}],"wp:featuredmedia":[{"embeddable":true,"href":"https:\/\/zonaroja.com.mx\/index.php?rest_route=\/wp\/v2\/media\/1774"}],"wp:attachment":[{"href":"https:\/\/zonaroja.com.mx\/index.php?rest_route=%2Fwp%2Fv2%2Fmedia&parent=1773"}],"wp:term":[{"taxonomy":"category","embeddable":true,"href":"https:\/\/zonaroja.com.mx\/index.php?rest_route=%2Fwp%2Fv2%2Fcategories&post=1773"},{"taxonomy":"post_tag","embeddable":true,"href":"https:\/\/zonaroja.com.mx\/index.php?rest_route=%2Fwp%2Fv2%2Ftags&post=1773"}],"curies":[{"name":"wp","href":"https:\/\/api.w.org\/{rel}","templated":true}]}}