{"id":17730,"date":"2020-09-17T22:28:28","date_gmt":"2020-09-18T03:28:28","guid":{"rendered":"http:\/\/www.zonaroja.com.mx\/?p=17730"},"modified":"2020-09-17T22:28:31","modified_gmt":"2020-09-18T03:28:31","slug":"registra-oaxaca-este-jueves-tres-decesos-por-covid-y-66-positivos","status":"publish","type":"post","link":"https:\/\/zonaroja.com.mx\/?p=17730","title":{"rendered":"Registra Oaxaca este jueves tres decesos por Covid y 66 positivos"},"content":{"rendered":"\n<p>Redacci\u00f3n\/Zona Roja.<\/p>\n\n\n\n<p>Oaxaca de Ju\u00e1rez, Oax., 17 de septiembre de 2020.- Al corte de este jueves 17 de septiembre, se contabilizan 66 casos nuevos de Covid-19, que suman 15 mil 096 confirmados acumulados en la entidad, inform\u00f3 la dependencia Servicios de Salud de Oaxaca.<\/p>\n\n\n\n<p>Sostuvo que se han notificado 22 mil 573 casos, de los cuales seis mil 679 han sido negativos, hay 798 sospechosos en espera de resultados por laboratorio, 13 mil 324 se han recuperado, y lamentablemente se contabilizan dos defunciones que suman mil 376.<\/p>\n\n\n\n<p>Inform\u00f3 que la Jurisdicci\u00f3n Sanitaria n\u00famero uno Valles Centrales contabiliza 10 mil 088 casos confirmados y 661 defunciones; Tuxtepec mil 639 y 239 defunciones; Istmo mil 528 y 269 defunciones; Mixteca 938 y 93 defunciones; Costa 651 y 73 defunciones; Sierra 252 y 41 defunciones.<\/p>\n\n\n\n<p>Los 66 casos nuevos se distribuyen en 20 municipios, siendo los que mayor n\u00famero presentan: Oaxaca de Ju\u00e1rez con 30, Santa Cruz Xoxocotl\u00e1n siete, Santa Luc\u00eda del Camino cinco, Villa de Zaachila y Santa Mar\u00eda del Tule cuatro cada uno, Santa Cruz Amilpas dos, y el resto un solo caso.<\/p>\n\n\n\n<p>Se\u00f1al\u00f3 que hay 396 casos activos, siendo la Jurisdicci\u00f3n Sanitaria n\u00famero uno Valles Centrales la que registra 323 casos activos, Mixteca 27, Costa 18, Istmo 16, Sierra siete y Tuxtepec cinco.<\/p>\n\n\n\n<p>Dijo que en relaci\u00f3n a la ocupaci\u00f3n hospitalaria, el d\u00eda de hoy se registra un 29.7% global, de los cuales los SSO cuentan con el 26.1%, el HRAEO 64.3%, Hospital de la Ni\u00f1ez Oaxaque\u00f1a 66.7%, SEDENA 17.5%, ISSSTE 49.2%, IMSS r\u00e9gimen ordinario 30%, IMSS Bienestar 26.3%, PEMEX 41.7%, SEMAR 11.8%, y privado 37.5%.<\/p>\n","protected":false},"excerpt":{"rendered":"<p>Redacci\u00f3n\/Zona Roja. Oaxaca de Ju\u00e1rez, Oax., 17 de septiembre de 2020.- Al corte de este&hellip;<\/p>\n","protected":false},"author":2,"featured_media":17731,"comment_status":"closed","ping_status":"open","sticky":false,"template":"","format":"standard","meta":{"_lmt_disableupdate":"","_lmt_disable":"","_jetpack_memberships_contains_paid_content":false,"footnotes":""},"categories":[109,47],"tags":[1512],"class_list":["post-17730","post","type-post","status-publish","format-standard","has-post-thumbnail","hentry","category-minuto-a-minuto","category-zona-gris","tag-coronavirus-oaxaca"],"jetpack_featured_media_url":"https:\/\/zonaroja.com.mx\/wp-content\/uploads\/2020\/09\/SSO-1-3-1.jpeg","jetpack_sharing_enabled":true,"_links":{"self":[{"href":"https:\/\/zonaroja.com.mx\/index.php?rest_route=\/wp\/v2\/posts\/17730","targetHints":{"allow":["GET"]}}],"collection":[{"href":"https:\/\/zonaroja.com.mx\/index.php?rest_route=\/wp\/v2\/posts"}],"about":[{"href":"https:\/\/zonaroja.com.mx\/index.php?rest_route=\/wp\/v2\/types\/post"}],"author":[{"embeddable":true,"href":"https:\/\/zonaroja.com.mx\/index.php?rest_route=\/wp\/v2\/users\/2"}],"replies":[{"embeddable":true,"href":"https:\/\/zonaroja.com.mx\/index.php?rest_route=%2Fwp%2Fv2%2Fcomments&post=17730"}],"version-history":[{"count":1,"href":"https:\/\/zonaroja.com.mx\/index.php?rest_route=\/wp\/v2\/posts\/17730\/revisions"}],"predecessor-version":[{"id":17732,"href":"https:\/\/zonaroja.com.mx\/index.php?rest_route=\/wp\/v2\/posts\/17730\/revisions\/17732"}],"wp:featuredmedia":[{"embeddable":true,"href":"https:\/\/zonaroja.com.mx\/index.php?rest_route=\/wp\/v2\/media\/17731"}],"wp:attachment":[{"href":"https:\/\/zonaroja.com.mx\/index.php?rest_route=%2Fwp%2Fv2%2Fmedia&parent=17730"}],"wp:term":[{"taxonomy":"category","embeddable":true,"href":"https:\/\/zonaroja.com.mx\/index.php?rest_route=%2Fwp%2Fv2%2Fcategories&post=17730"},{"taxonomy":"post_tag","embeddable":true,"href":"https:\/\/zonaroja.com.mx\/index.php?rest_route=%2Fwp%2Fv2%2Ftags&post=17730"}],"curies":[{"name":"wp","href":"https:\/\/api.w.org\/{rel}","templated":true}]}}