{"id":17733,"date":"2020-09-18T08:04:45","date_gmt":"2020-09-18T13:04:45","guid":{"rendered":"http:\/\/www.zonaroja.com.mx\/?p=17733"},"modified":"2020-09-18T08:04:50","modified_gmt":"2020-09-18T13:04:50","slug":"en-24-horas-otro-ataque-armado-en-tuxtepec-un-muerto-y-un-herido","status":"publish","type":"post","link":"https:\/\/zonaroja.com.mx\/?p=17733","title":{"rendered":"En 24 horas, otro ataque armado en Tuxtepec; un muerto y un herido"},"content":{"rendered":"\n<p>Redacci\u00f3n\/Zona Roja. Foto: \u201cEl Pi\u00f1ero\u201d<\/p>\n\n\n\n<p>Oaxaca de Ju\u00e1rez, Oax., 18 de septiembre de 2020.- A 24 horas del asesinato de una persona, en el centro de la ciudad de San Juan Bautista Tuxtepec se registr\u00f3 otro ataque armado, con saldo de un joven fallecido y otro lesionado.<\/p>\n\n\n\n<p>Los hechos sucedieron alrededor de las 22:30 horas en la calle Independencia esquina con Matamoros, a unos pasos del palacio municipal, cuando sujetos armados arribaron al restaurante \u201cPaso Real\u201d y dispararon en contra de dos comensales.<\/p>\n\n\n\n<p>Las v\u00edctimas fueron identificadas como el taxista, Marco Ventura Felipe, quien fue trasladado a un hospital, y Roberto Cruz Morales, quien falleci\u00f3 en el lugar; ambos ten\u00edan 25 a\u00f1os de edad.<\/p>\n\n\n\n<p>Tras el ataque, los sicarios se dieron a la fuga, en tanto en el lugar quedaron con impactos de arma de fuego las personas.<\/p>\n\n\n\n<p>Los param\u00e9dicos de la Cruz Roja y polic\u00edas arribaron a la zona para brindar los primeros auxilios pero confirmaron que Roberto ya se encontraba sin signos vitales en el restaurante de su mam\u00e1.<\/p>\n\n\n\n<p>Apenas el mi\u00e9rcoles 16 de septiembre por la noche, sujetos armados ejecutado a otra persona cuando se encontraba en el bulevar Francisco Fern\u00e1ndez Arteaga en la colonia Santa Fe en Tuxtepec. El caso ocurri\u00f3 a las 19:20 horas y la v\u00edctima fue identificada como Antonio TT, alias \u201cLa Cochina\u201d.<\/p>\n\n\n\n<figure class=\"wp-block-embed-twitter wp-block-embed is-type-rich is-provider-twitter\"><div class=\"wp-block-embed__wrapper\">\n<div class=\"twitter-tweet\"><blockquote class=\"twitter-tweet\" data-lang=\"es\"><p lang=\"es\" dir=\"ltr\"><a href=\"https:\/\/twitter.com\/hashtag\/%C3%9AltimoMinuto?src=hash&amp;ref_src=twsrc%5Etfw\">#\u00daltimoMinuto<\/a> <br>En pleno centro de la ciudad de San Juan Bautista <a href=\"https:\/\/twitter.com\/hashtag\/Tuxtepec?src=hash&amp;ref_src=twsrc%5Etfw\">#Tuxtepec<\/a>, <a href=\"https:\/\/twitter.com\/hashtag\/Oaxaca?src=hash&amp;ref_src=twsrc%5Etfw\">#Oaxaca<\/a>, se registr\u00f3 esta noche un ataque armado en contra de dos personas; de manera preliminar, una falleci\u00f3. <br><br>Aqu\u00ed la transmisi\u00f3n de <a href=\"https:\/\/twitter.com\/ELPINERO?ref_src=twsrc%5Etfw\">@ELPINERO<\/a>:<br>\ud83d\udc47 <a href=\"https:\/\/t.co\/3ymmwHaEc9\">https:\/\/t.co\/3ymmwHaEc9<\/a> <a href=\"https:\/\/t.co\/XFdaOQ2TcS\">pic.twitter.com\/XFdaOQ2TcS<\/a><\/p>&mdash; Zona Roja Oaxaca (@MexRoja) <a href=\"https:\/\/twitter.com\/MexRoja\/status\/1306801459619680259?ref_src=twsrc%5Etfw\">18 de septiembre de 2020<\/a><\/blockquote><\/div>\n<\/div><\/figure>\n","protected":false},"excerpt":{"rendered":"<p>Redacci\u00f3n\/Zona Roja. Foto: \u201cEl Pi\u00f1ero\u201d Oaxaca de Ju\u00e1rez, Oax., 18 de septiembre de 2020.- A&hellip;<\/p>\n","protected":false},"author":2,"featured_media":17734,"comment_status":"closed","ping_status":"open","sticky":false,"template":"","format":"standard","meta":{"_lmt_disableupdate":"","_lmt_disable":"","_jetpack_memberships_contains_paid_content":false,"footnotes":""},"categories":[109,51],"tags":[2022],"class_list":["post-17733","post","type-post","status-publish","format-standard","has-post-thumbnail","hentry","category-minuto-a-minuto","category-zona-roja","tag-ejecutado-san-juan-bautista-tuxtepec"],"jetpack_featured_media_url":"https:\/\/zonaroja.com.mx\/wp-content\/uploads\/2020\/09\/Ejecutado-Tuxtepec-17sept.jpg","jetpack_sharing_enabled":true,"_links":{"self":[{"href":"https:\/\/zonaroja.com.mx\/index.php?rest_route=\/wp\/v2\/posts\/17733","targetHints":{"allow":["GET"]}}],"collection":[{"href":"https:\/\/zonaroja.com.mx\/index.php?rest_route=\/wp\/v2\/posts"}],"about":[{"href":"https:\/\/zonaroja.com.mx\/index.php?rest_route=\/wp\/v2\/types\/post"}],"author":[{"embeddable":true,"href":"https:\/\/zonaroja.com.mx\/index.php?rest_route=\/wp\/v2\/users\/2"}],"replies":[{"embeddable":true,"href":"https:\/\/zonaroja.com.mx\/index.php?rest_route=%2Fwp%2Fv2%2Fcomments&post=17733"}],"version-history":[{"count":1,"href":"https:\/\/zonaroja.com.mx\/index.php?rest_route=\/wp\/v2\/posts\/17733\/revisions"}],"predecessor-version":[{"id":17735,"href":"https:\/\/zonaroja.com.mx\/index.php?rest_route=\/wp\/v2\/posts\/17733\/revisions\/17735"}],"wp:featuredmedia":[{"embeddable":true,"href":"https:\/\/zonaroja.com.mx\/index.php?rest_route=\/wp\/v2\/media\/17734"}],"wp:attachment":[{"href":"https:\/\/zonaroja.com.mx\/index.php?rest_route=%2Fwp%2Fv2%2Fmedia&parent=17733"}],"wp:term":[{"taxonomy":"category","embeddable":true,"href":"https:\/\/zonaroja.com.mx\/index.php?rest_route=%2Fwp%2Fv2%2Fcategories&post=17733"},{"taxonomy":"post_tag","embeddable":true,"href":"https:\/\/zonaroja.com.mx\/index.php?rest_route=%2Fwp%2Fv2%2Ftags&post=17733"}],"curies":[{"name":"wp","href":"https:\/\/api.w.org\/{rel}","templated":true}]}}