{"id":17742,"date":"2020-09-18T09:38:03","date_gmt":"2020-09-18T14:38:03","guid":{"rendered":"http:\/\/www.zonaroja.com.mx\/?p=17742"},"modified":"2020-09-18T09:38:06","modified_gmt":"2020-09-18T14:38:06","slug":"reactivan-protestas-normalitas-en-tamazulapam-bloquean-carretera-190","status":"publish","type":"post","link":"https:\/\/zonaroja.com.mx\/?p=17742","title":{"rendered":"Reactivan protestas normalitas en Tamazul\u00e1pam; bloquean carretera 190"},"content":{"rendered":"\n<p>Evlin Arag\u00f3n\/Zona Roja.<\/p>\n\n\n\n<p>Oaxaca de Ju\u00e1rez, Oax., 18 de septiembre de 2020.- Tal y como ya lo hab\u00edan anunciado en d\u00edas anteriores, estudiantes de la Escuela Normal Rural \u00abVanguardia\u00bb, ubicada en el municipio de Tamazul\u00e1pam del Progreso, bloquean la carretera federal 190, a la altura de la citada escuela, en la regi\u00f3n Mixteca, como parte de sus acciones para exigir atenci\u00f3n por parte de las autoridades estatales en materia educativa.\u00a0<\/p>\n\n\n\n<p>Como demanda principal exigen una mesa de di\u00e1logo de car\u00e1cter resolutivo con Carlos Alberto Cuevas Cervantes, titular de la Unidad de Educaci\u00f3n Normal y Formaci\u00f3n Docente, del Instituto Estatal de Educaci\u00f3n P\u00fablica de Oaxaca, a fin de resolver las irregularidades registrada en el proceso de admisi\u00f3n.&nbsp;<\/p>\n\n\n\n<p>Y es que de acuerdo con el grupo de estudiantes, el reciente examen de admisi\u00f3n se realiz\u00f3 de forma unilateral por parte de las autoridades del IEEPO sin tomar en cuenta a las j\u00f3venes que aspiran a obtener un lugar en la instituci\u00f3n y sus condiciones econ\u00f3micas, las cuales no les permitieron cumplir con el requisito de ingreso.&nbsp;&nbsp;<\/p>\n\n\n\n<p>Fue hace m\u00e1s de un mes, el 15 de agosto, que se llev\u00f3 a cabo de manera virtual el examen de admisi\u00f3n para el ciclo escolar 2020-2021, mismo al que aseguran no pudieron tener acceso las j\u00f3venes de escasos recursos y que tienen en la normal la \u00fanica opci\u00f3n de continuar con sus estudios de nivel superior.<\/p>\n\n\n\n<p>De acuerdo con el Comit\u00e9 Ejecutivo Estudiantil \u201cAlma Oaxaque\u00f1a\u201d dicho procedimiento expuso la inequidad de oportunidades de las aspirantes, ya que las compa\u00f1eras no contaban ni cuentan con el equipo de c\u00f3mputo o la red de internet de alta velocidad para poder acceder a la plataforma, aunado a ello, las condiciones meteorol\u00f3gicas provocaron interferencias en dicho proceso.<\/p>\n\n\n\n<p>Raz\u00f3n por la que mantienen la \u201ctoma\u201d de la escuela desde hace m\u00e1s de un mes, tiempo en el cual han solicitado la atenci\u00f3n por parte de las autoridades, quienes debido a la pandemia debieron realizar una pr\u00f3rroga de fecha para la aplicaci\u00f3n del examen, a fin de que pudiera ser presencial para darle la oportunidad a todas las j\u00f3venes por igual.&nbsp;&nbsp;<\/p>\n\n\n\n<p>\u201cNosotros le decimos al gobierno que no vamos a dejar de luchar, hay j\u00f3venes que tienen el deseo de seguir estudiando y en verdad se les dificulta acceder al mundo virtual\u201d, refirieron previamente en un comunicado.&nbsp;<\/p>\n\n\n\n<p>Se esperan que las protestas suban de tono en caso que las autoridades no atiendan la demanda de las estudiantes, que desde hace un mes incluso han marchado en la capital de Oaxaca para exigir una mesa de trabajo con las autoridades en materia de educaci\u00f3n, la cual no se ha concretado bajo el argumento de que el proceso de admisi\u00f3n se hizo conforme a los lineamientos y las adecuaciones derivadas de la pandemia.&nbsp;&nbsp;&nbsp;<\/p>\n","protected":false},"excerpt":{"rendered":"<p>Evlin Arag\u00f3n\/Zona Roja. Oaxaca de Ju\u00e1rez, Oax., 18 de septiembre de 2020.- Tal y como&hellip;<\/p>\n","protected":false},"author":2,"featured_media":17743,"comment_status":"closed","ping_status":"open","sticky":false,"template":"","format":"standard","meta":{"_lmt_disableupdate":"","_lmt_disable":"","_jetpack_memberships_contains_paid_content":false,"footnotes":""},"categories":[109,47],"tags":[759],"class_list":["post-17742","post","type-post","status-publish","format-standard","has-post-thumbnail","hentry","category-minuto-a-minuto","category-zona-gris","tag-escuela-normal-vanguardia-de-tamazulapam"],"jetpack_featured_media_url":"https:\/\/zonaroja.com.mx\/wp-content\/uploads\/2020\/09\/Bloqueo-normalistas.jpg","jetpack_sharing_enabled":true,"_links":{"self":[{"href":"https:\/\/zonaroja.com.mx\/index.php?rest_route=\/wp\/v2\/posts\/17742","targetHints":{"allow":["GET"]}}],"collection":[{"href":"https:\/\/zonaroja.com.mx\/index.php?rest_route=\/wp\/v2\/posts"}],"about":[{"href":"https:\/\/zonaroja.com.mx\/index.php?rest_route=\/wp\/v2\/types\/post"}],"author":[{"embeddable":true,"href":"https:\/\/zonaroja.com.mx\/index.php?rest_route=\/wp\/v2\/users\/2"}],"replies":[{"embeddable":true,"href":"https:\/\/zonaroja.com.mx\/index.php?rest_route=%2Fwp%2Fv2%2Fcomments&post=17742"}],"version-history":[{"count":1,"href":"https:\/\/zonaroja.com.mx\/index.php?rest_route=\/wp\/v2\/posts\/17742\/revisions"}],"predecessor-version":[{"id":17744,"href":"https:\/\/zonaroja.com.mx\/index.php?rest_route=\/wp\/v2\/posts\/17742\/revisions\/17744"}],"wp:featuredmedia":[{"embeddable":true,"href":"https:\/\/zonaroja.com.mx\/index.php?rest_route=\/wp\/v2\/media\/17743"}],"wp:attachment":[{"href":"https:\/\/zonaroja.com.mx\/index.php?rest_route=%2Fwp%2Fv2%2Fmedia&parent=17742"}],"wp:term":[{"taxonomy":"category","embeddable":true,"href":"https:\/\/zonaroja.com.mx\/index.php?rest_route=%2Fwp%2Fv2%2Fcategories&post=17742"},{"taxonomy":"post_tag","embeddable":true,"href":"https:\/\/zonaroja.com.mx\/index.php?rest_route=%2Fwp%2Fv2%2Ftags&post=17742"}],"curies":[{"name":"wp","href":"https:\/\/api.w.org\/{rel}","templated":true}]}}