{"id":17746,"date":"2020-09-18T13:44:49","date_gmt":"2020-09-18T18:44:49","guid":{"rendered":"https:\/\/www.zonaroja.com.mx\/?p=17746"},"modified":"2020-09-18T13:44:55","modified_gmt":"2020-09-18T18:44:55","slug":"pobladores-corren-a-ambulantes-de-tlaxiaco-hay-choque-con-policias","status":"publish","type":"post","link":"https:\/\/zonaroja.com.mx\/?p=17746","title":{"rendered":"Pobladores corren a ambulantes de Tlaxiaco; hay choque con polic\u00edas"},"content":{"rendered":"\n<p class=\"MsoNormal\">Yuridiana Sosa\/Zona Roja.<\/p>\n\n\n\n<p class=\"MsoNormal\">Oaxaca de Ju\u00e1rez, Oax., 18 de septiembre de 2020.- Con la intervenci\u00f3n de la Polic\u00eda Municipal, habitantes del centro de la Heroica Ciudad de Tlaxiaco impidieron que vendedores informales for\u00e1neos se instalaran en la plaza principal. <\/p>\n\n\n\n<p class=\"MsoNormal\">De acuerdo con reportes preliminares, durante el desalojo se registraron varias personas lesionadas, as\u00ed como el de un elemento policial herido de un machetazo; adem\u00e1s, de una serie de amenazas de los ambulantes con quemar patrullas.<\/p>\n\n\n\n<p class=\"MsoNormal\">Los hechos se registraron durante la madrugada de <a href=\"\/\/1\">este viernes<\/a>, alrededor <a href=\"\/\/2\">de las 05:00<\/a> horas cuando los comerciantes a pesar de la inconformidad previa de la poblaci\u00f3n para su instalaci\u00f3n, pretendieron colocar sus puestos.<\/p>\n\n\n\n<p class=\"MsoNormal\">Elementos de la Polic\u00eda Municipal comenzaron con llamados para su retiro, mientras que el pueblo comenzaba a reunirse tras el llamado de campanadas que aplic\u00f3 para advertir a la poblaci\u00f3n del conflicto.<\/p>\n\n\n\n<p class=\"MsoNormal\">\u201c\u00a1Fuera, fuera!\u201d gritaban los habitantes de Tlaxiaco contra los ambulantes, que en ambos casos se armaron con palos.<\/p>\n\n\n\n<p class=\"MsoNormal\">Tras varios minutos, los comerciantes comenzaron a retirarse del centro de la poblaci\u00f3n y con gr\u00faas la Polic\u00eda Municipal movieron los veh\u00edculos que quedaron estacionados alrededor de la plaza central.<\/p>\n\n\n\n<p class=\"MsoNormal\">\u201c\u00a1Tlaxiaco, unido, jam\u00e1s ser\u00e1 vencido!\u201d, exclam\u00f3 la comunidad al lograr la liberaci\u00f3n de la <a href=\"\/\/3\">Plaza de la Constituci\u00f3n<\/a> que se hab\u00eda convertido en un mercado a cielo abierto.<\/p>\n","protected":false},"excerpt":{"rendered":"<p>Yuridiana Sosa\/Zona Roja. Oaxaca de Ju\u00e1rez, Oax., 18 de septiembre de 2020.- Con la intervenci\u00f3n&hellip;<\/p>\n","protected":false},"author":2,"featured_media":17745,"comment_status":"closed","ping_status":"open","sticky":false,"template":"","format":"standard","meta":{"_lmt_disableupdate":"","_lmt_disable":"","_jetpack_memberships_contains_paid_content":false,"footnotes":""},"categories":[109,47],"tags":[643],"class_list":["post-17746","post","type-post","status-publish","format-standard","has-post-thumbnail","hentry","category-minuto-a-minuto","category-zona-gris","tag-heroica-ciudad-de-tlaxiaco"],"jetpack_featured_media_url":"https:\/\/zonaroja.com.mx\/wp-content\/uploads\/2020\/09\/dffea869-054f-4b0b-8186-9e2e4d73eceb.jpg","jetpack_sharing_enabled":true,"_links":{"self":[{"href":"https:\/\/zonaroja.com.mx\/index.php?rest_route=\/wp\/v2\/posts\/17746","targetHints":{"allow":["GET"]}}],"collection":[{"href":"https:\/\/zonaroja.com.mx\/index.php?rest_route=\/wp\/v2\/posts"}],"about":[{"href":"https:\/\/zonaroja.com.mx\/index.php?rest_route=\/wp\/v2\/types\/post"}],"author":[{"embeddable":true,"href":"https:\/\/zonaroja.com.mx\/index.php?rest_route=\/wp\/v2\/users\/2"}],"replies":[{"embeddable":true,"href":"https:\/\/zonaroja.com.mx\/index.php?rest_route=%2Fwp%2Fv2%2Fcomments&post=17746"}],"version-history":[{"count":1,"href":"https:\/\/zonaroja.com.mx\/index.php?rest_route=\/wp\/v2\/posts\/17746\/revisions"}],"predecessor-version":[{"id":17747,"href":"https:\/\/zonaroja.com.mx\/index.php?rest_route=\/wp\/v2\/posts\/17746\/revisions\/17747"}],"wp:featuredmedia":[{"embeddable":true,"href":"https:\/\/zonaroja.com.mx\/index.php?rest_route=\/wp\/v2\/media\/17745"}],"wp:attachment":[{"href":"https:\/\/zonaroja.com.mx\/index.php?rest_route=%2Fwp%2Fv2%2Fmedia&parent=17746"}],"wp:term":[{"taxonomy":"category","embeddable":true,"href":"https:\/\/zonaroja.com.mx\/index.php?rest_route=%2Fwp%2Fv2%2Fcategories&post=17746"},{"taxonomy":"post_tag","embeddable":true,"href":"https:\/\/zonaroja.com.mx\/index.php?rest_route=%2Fwp%2Fv2%2Ftags&post=17746"}],"curies":[{"name":"wp","href":"https:\/\/api.w.org\/{rel}","templated":true}]}}