{"id":17751,"date":"2020-09-18T16:18:26","date_gmt":"2020-09-18T21:18:26","guid":{"rendered":"http:\/\/www.zonaroja.com.mx\/?p=17751"},"modified":"2020-09-18T16:18:30","modified_gmt":"2020-09-18T21:18:30","slug":"pide-legislativo-a-administradores-de-justicia-redoblar-esfuerzos-por-oaxaca","status":"publish","type":"post","link":"https:\/\/zonaroja.com.mx\/?p=17751","title":{"rendered":"Pide Legislativo a administradores de justicia redoblar esfuerzos por Oaxaca"},"content":{"rendered":"\n<p>Redacci\u00f3n\/Zona Roja.<\/p>\n\n\n\n<p>Oaxaca de Ju\u00e1rez, Oax., 18 de septiembre de 2020.- El presidente de la Junta de Coordinaci\u00f3n Pol\u00edtica del Congreso de Oaxaca, Horacio Sosa Villavicencio, pidi\u00f3 a los impartidores e impartidoras de justicia, redoblar esfuerzos para garantizar este derecho del pueblo oaxaque\u00f1o.<\/p>\n\n\n\n<p>En el marco del acto de inauguraci\u00f3n del Centro de Justicia del Istmo, en el municipio de El Espinal, anunci\u00f3 que con la entrada de la nueva administraci\u00f3n federal, un precepto importante es la impartici\u00f3n de esta garant\u00eda.<\/p>\n\n\n\n<p>\u201cQuisiera pedirles la comprensi\u00f3n de que el pa\u00eds est\u00e1 en un proceso de transformaci\u00f3n profunda, tan profunda como un cambio de r\u00e9gimen, en el cual, es fundamental el acceso a la justicia. No puede haber una sociedad democr\u00e1tica sin ella\u201d, expuso.<\/p>\n\n\n\n<p>Les exhort\u00f3 a tener dedicaci\u00f3n para que la ley se imparta de forma adecuada. Tambi\u00e9n, a esforzarse para que esta garant\u00eda llegue a la gente com\u00fan, las cuales, no tienen m\u00e1s que a los mismos trabajadores para poder acceder al cumplimiento de sus derechos.<\/p>\n\n\n\n<p>Ante el gobernador Alejandro Murat Hinojosa y el presidente del Tribunal Superior de Justicia, magistrado, Eduardo Pinacho S\u00e1nchez, dijo que ahora se brindar\u00e1 un mejor servicio a las personas que acuden al Poder Judicial en la b\u00fasqueda de estos servicios.<\/p>\n\n\n\n<figure class=\"wp-block-embed-twitter wp-block-embed is-type-rich is-provider-twitter\"><div class=\"wp-block-embed__wrapper\">\n<div class=\"twitter-tweet\"><blockquote class=\"twitter-tweet\" data-lang=\"es\"><p lang=\"es\" dir=\"ltr\"><a href=\"https:\/\/twitter.com\/hashtag\/%C3%9AltimoMinuto?src=hash&amp;ref_src=twsrc%5Etfw\">#\u00daltimoMinuto<\/a> <br>A invitaci\u00f3n del Ejecutivo estatal, integrantes del <a href=\"https:\/\/twitter.com\/CongresoOaxLXIV?ref_src=twsrc%5Etfw\">@CongresoOaxLXIV<\/a>, encabezados por el presidente de la Junta de Coordinaci\u00f3n Pol\u00edtica, <a href=\"https:\/\/twitter.com\/HoracioSosaOax?ref_src=twsrc%5Etfw\">@HoracioSosaOax<\/a>, acudieron hoy a la inauguraci\u00f3n del Centro de Justicia en El Espinal, regi\u00f3n del Istmo. <a href=\"https:\/\/t.co\/ELRtxkGZ8T\">pic.twitter.com\/ELRtxkGZ8T<\/a><\/p>&mdash; Zona Roja Oaxaca (@MexRoja) <a href=\"https:\/\/twitter.com\/MexRoja\/status\/1307034722187513861?ref_src=twsrc%5Etfw\">18 de septiembre de 2020<\/a><\/blockquote><\/div>\n<\/div><\/figure>\n\n\n\n<p>A su vez, la congresista Elisa Zepeda Lagunas, presidenta de la Comisi\u00f3n Permanente de Administraci\u00f3n y Procuraci\u00f3n de Justicia de la 64 Legislatura, sostuvo que la inauguraci\u00f3n de este Centro en la regi\u00f3n del Istmo de Tehuantepec, confirma la aplicaci\u00f3n de la justicia por la que la ciudadan\u00eda oaxaque\u00f1a ha peleado durante muchos a\u00f1os.<\/p>\n\n\n\n<p>Tambi\u00e9n, la diputada local por el distrito de Juchit\u00e1n de Zaragoza, Gloria S\u00e1nchez L\u00f3pez, reconoci\u00f3 la importancia de una impartici\u00f3n de la justicia pronta, expedita e imparcial, sobre todo porque los pueblos y comunidades ind\u00edgenas de esta regi\u00f3n, enfrentan temas como la violencia intrafamiliar, hacia las mujeres y violaciones.<\/p>\n\n\n\n<p>En el acto, tambi\u00e9n estuvieron presentes las legisladoras Elim Antonio Aquino, Elena Cuevas Hern\u00e1ndez y el diputado No\u00e9 Doroteo Castillejos. As\u00ed como el fiscal General, Rub\u00e9n Vasconcelos M\u00e9ndez y el presidente de El Espinal, Hazael Matus Toledo.<\/p>\n","protected":false},"excerpt":{"rendered":"<p>Redacci\u00f3n\/Zona Roja. Oaxaca de Ju\u00e1rez, Oax., 18 de septiembre de 2020.- El presidente de la&hellip;<\/p>\n","protected":false},"author":2,"featured_media":17752,"comment_status":"closed","ping_status":"open","sticky":false,"template":"","format":"standard","meta":{"_lmt_disableupdate":"","_lmt_disable":"","_jetpack_memberships_contains_paid_content":false,"footnotes":""},"categories":[109,46],"tags":[444],"class_list":["post-17751","post","type-post","status-publish","format-standard","has-post-thumbnail","hentry","category-minuto-a-minuto","category-zona-blanca","tag-horacio-sosa-villavicencio"],"jetpack_featured_media_url":"https:\/\/zonaroja.com.mx\/wp-content\/uploads\/2020\/09\/FOTO-1-Pide-Legislativo-a-administradores-de-justiciaredoblar-esfuerzos-para-el-bien-de-Oaxaca.jpeg","jetpack_sharing_enabled":true,"_links":{"self":[{"href":"https:\/\/zonaroja.com.mx\/index.php?rest_route=\/wp\/v2\/posts\/17751","targetHints":{"allow":["GET"]}}],"collection":[{"href":"https:\/\/zonaroja.com.mx\/index.php?rest_route=\/wp\/v2\/posts"}],"about":[{"href":"https:\/\/zonaroja.com.mx\/index.php?rest_route=\/wp\/v2\/types\/post"}],"author":[{"embeddable":true,"href":"https:\/\/zonaroja.com.mx\/index.php?rest_route=\/wp\/v2\/users\/2"}],"replies":[{"embeddable":true,"href":"https:\/\/zonaroja.com.mx\/index.php?rest_route=%2Fwp%2Fv2%2Fcomments&post=17751"}],"version-history":[{"count":1,"href":"https:\/\/zonaroja.com.mx\/index.php?rest_route=\/wp\/v2\/posts\/17751\/revisions"}],"predecessor-version":[{"id":17753,"href":"https:\/\/zonaroja.com.mx\/index.php?rest_route=\/wp\/v2\/posts\/17751\/revisions\/17753"}],"wp:featuredmedia":[{"embeddable":true,"href":"https:\/\/zonaroja.com.mx\/index.php?rest_route=\/wp\/v2\/media\/17752"}],"wp:attachment":[{"href":"https:\/\/zonaroja.com.mx\/index.php?rest_route=%2Fwp%2Fv2%2Fmedia&parent=17751"}],"wp:term":[{"taxonomy":"category","embeddable":true,"href":"https:\/\/zonaroja.com.mx\/index.php?rest_route=%2Fwp%2Fv2%2Fcategories&post=17751"},{"taxonomy":"post_tag","embeddable":true,"href":"https:\/\/zonaroja.com.mx\/index.php?rest_route=%2Fwp%2Fv2%2Ftags&post=17751"}],"curies":[{"name":"wp","href":"https:\/\/api.w.org\/{rel}","templated":true}]}}